{"id":509081,"date":"2017-11-12T10:41:47","date_gmt":"2017-11-12T16:41:47","guid":{"rendered":"https:\/\/www.futboltotal.com.mx\/?p=509081"},"modified":"2017-11-12T20:05:21","modified_gmt":"2017-11-13T02:05:21","slug":"asi-quedaron-los-cuartos-final-del-ascenso-mx","status":"publish","type":"post","link":"http:\/\/desarrollo.grupomedios.com\/futbol\/futbol-mexicano\/asi-quedaron-los-cuartos-final-del-ascenso-mx\/2017\/11","title":{"rendered":"As\u00ed quedaron los cuartos de final del Ascenso MX"},"content":{"rendered":"<p>Los cuartos de final del <strong>Ascenso MX<\/strong> han quedado definidos despu\u00e9s de que este s\u00e1bado culminara la temporada regular.<\/p>\n<p><strong>Celaya<\/strong> termin\u00f3 como el l\u00edder del Apertura 2017 y se enfrentar\u00e1 al octavo sembrado que fue <strong>Correcaminos<\/strong> en uno de los partidos de cuartos de final.<\/p>\n<p><strong>FC Ju\u00e1rez (2) vs. M\u00e9rida (7), Tampico Madero (3) vs. Mineros (6) y Zacatepec (4) vs. Alebrijes (5)<\/strong> completan la fase de cuartos de final.<\/p>\n<p style=\"text-align: center;\"><span style=\"color: #333399;\"><a href=\"https:\/\/www.futboltotal.com.mx\/futbol-mexicano\/listos-los-ocho-invitados-a-la-liguilla-del-ascenso-mx\/2017\/11\">VER M\u00c1S:\u00a0<span class=\"item-title\">Listos los ocho invitados a la liguilla del Ascenso MX<\/span><\/a><\/span><\/p>\n<p>Las fechas y los horarios se dar\u00e1n a conocer en las pr\u00f3ximas horas, se\u00f1al\u00f3 el Ascenso MX.<\/p>\n<p>https:\/\/twitter.com\/AscensoMX\/status\/929561804942053376<\/p>\n","protected":false},"excerpt":{"rendered":"<p>Los cuartos de final han quedado definidos<\/p>\n","protected":false},"author":160,"featured_media":509082,"comment_status":"closed","ping_status":"closed","sticky":false,"template":"","format":"standard","meta":[],"categories":[3843,2198,3845],"tags":[4191,432,2502,61,482,6558,344,7076,3337,1588],"_links":{"self":[{"href":"http:\/\/desarrollo.grupomedios.com\/futbol\/wp-json\/wp\/v2\/posts\/509081"}],"collection":[{"href":"http:\/\/desarrollo.grupomedios.com\/futbol\/wp-json\/wp\/v2\/posts"}],"about":[{"href":"http:\/\/desarrollo.grupomedios.com\/futbol\/wp-json\/wp\/v2\/types\/post"}],"author":[{"embeddable":true,"href":"http:\/\/desarrollo.grupomedios.com\/futbol\/wp-json\/wp\/v2\/users\/160"}],"replies":[{"embeddable":true,"href":"http:\/\/desarrollo.grupomedios.com\/futbol\/wp-json\/wp\/v2\/comments?post=509081"}],"version-history":[{"count":2,"href":"http:\/\/desarrollo.grupomedios.com\/futbol\/wp-json\/wp\/v2\/posts\/509081\/revisions"}],"predecessor-version":[{"id":509154,"href":"http:\/\/desarrollo.grupomedios.com\/futbol\/wp-json\/wp\/v2\/posts\/509081\/revisions\/509154"}],"wp:featuredmedia":[{"embeddable":true,"href":"http:\/\/desarrollo.grupomedios.com\/futbol\/wp-json\/wp\/v2\/media\/509082"}],"wp:attachment":[{"href":"http:\/\/desarrollo.grupomedios.com\/futbol\/wp-json\/wp\/v2\/media?parent=509081"}],"wp:term":[{"taxonomy":"category","embeddable":true,"href":"http:\/\/desarrollo.grupomedios.com\/futbol\/wp-json\/wp\/v2\/categories?post=509081"},{"taxonomy":"post_tag","embeddable":true,"href":"http:\/\/desarrollo.grupomedios.com\/futbol\/wp-json\/wp\/v2\/tags?post=509081"}],"curies":[{"name":"wp","href":"https:\/\/api.w.org\/{rel}","templated":true}]}}