{"id":509084,"date":"2017-11-12T11:16:43","date_gmt":"2017-11-12T17:16:43","guid":{"rendered":"https:\/\/www.futboltotal.com.mx\/?p=509084"},"modified":"2017-11-12T11:16:43","modified_gmt":"2017-11-12T17:16:43","slug":"giroud-baja-alemania-francia-lesion","status":"publish","type":"post","link":"http:\/\/desarrollo.grupomedios.com\/futbol\/futbol-internacional\/giroud-baja-alemania-francia-lesion\/2017\/11","title":{"rendered":"Giroud es baja para el Alemania-Francia por lesi\u00f3n"},"content":{"rendered":"<p>El atacante franc\u00e9s<strong> Olivier\u00a0<span class=\"classCadenaBusqueda\">Giroud<\/span><\/strong>\u00a0abandon\u00f3 hoy la concentraci\u00f3n de <strong>Francia<\/strong> por una lesi\u00f3n que le impedir\u00e1 participar en el amistoso del pr\u00f3ximo martes contra <strong>Alemania<\/strong> en Colonia, inform\u00f3 la federaci\u00f3n gala.<\/p>\n<p>El jugador del Arsenal, m\u00e1ximo goleador franc\u00e9s en activo y autor de uno de los dos tantos de Francia el pasado viernes contra Gales, sufre una peque\u00f1a lesi\u00f3n muscular en el aductor derecho&#8221;, se\u00f1al\u00f3 la federaci\u00f3n en un comunicado.<\/p>\n<p style=\"text-align: center;\"><span style=\"color: #333399;\"><a href=\"https:\/\/www.futboltotal.com.mx\/futbol-internacional\/neymar-mi-hermano-mayor-kylian-mbappe\/2017\/11\">VER M\u00c1S:\u00a0<span class=\"item-title\">Neymar es como mi hermano mayor: Kylian Mbapp\u00e9<\/span><\/a><\/span><\/p>\n<p>No se sabe si podr\u00e1 estar para los siguientes juegos de la Premier League con los &#8220;Gunners&#8221;, en los siguientes d\u00edas se dar\u00e1 el tiempo de baja.<\/p>\n","protected":false},"excerpt":{"rendered":"<p>El delantero del Arsenal no podr\u00e1 estar en el juego amistoso<\/p>\n","protected":false},"author":160,"featured_media":509085,"comment_status":"closed","ping_status":"closed","sticky":false,"template":"","format":"standard","meta":[],"categories":[3839],"tags":[6000,413,2288],"_links":{"self":[{"href":"http:\/\/desarrollo.grupomedios.com\/futbol\/wp-json\/wp\/v2\/posts\/509084"}],"collection":[{"href":"http:\/\/desarrollo.grupomedios.com\/futbol\/wp-json\/wp\/v2\/posts"}],"about":[{"href":"http:\/\/desarrollo.grupomedios.com\/futbol\/wp-json\/wp\/v2\/types\/post"}],"author":[{"embeddable":true,"href":"http:\/\/desarrollo.grupomedios.com\/futbol\/wp-json\/wp\/v2\/users\/160"}],"replies":[{"embeddable":true,"href":"http:\/\/desarrollo.grupomedios.com\/futbol\/wp-json\/wp\/v2\/comments?post=509084"}],"version-history":[{"count":1,"href":"http:\/\/desarrollo.grupomedios.com\/futbol\/wp-json\/wp\/v2\/posts\/509084\/revisions"}],"predecessor-version":[{"id":509086,"href":"http:\/\/desarrollo.grupomedios.com\/futbol\/wp-json\/wp\/v2\/posts\/509084\/revisions\/509086"}],"wp:featuredmedia":[{"embeddable":true,"href":"http:\/\/desarrollo.grupomedios.com\/futbol\/wp-json\/wp\/v2\/media\/509085"}],"wp:attachment":[{"href":"http:\/\/desarrollo.grupomedios.com\/futbol\/wp-json\/wp\/v2\/media?parent=509084"}],"wp:term":[{"taxonomy":"category","embeddable":true,"href":"http:\/\/desarrollo.grupomedios.com\/futbol\/wp-json\/wp\/v2\/categories?post=509084"},{"taxonomy":"post_tag","embeddable":true,"href":"http:\/\/desarrollo.grupomedios.com\/futbol\/wp-json\/wp\/v2\/tags?post=509084"}],"curies":[{"name":"wp","href":"https:\/\/api.w.org\/{rel}","templated":true}]}}