{"id":509093,"date":"2017-11-13T10:19:48","date_gmt":"2017-11-13T16:19:48","guid":{"rendered":"https:\/\/www.futboltotal.com.mx\/?p=509093"},"modified":"2017-11-13T10:34:02","modified_gmt":"2017-11-13T16:34:02","slug":"sin-lewandowski-a-enfrenta-mexico-ante-polonia","status":"publish","type":"post","link":"http:\/\/desarrollo.grupomedios.com\/futbol\/destacado-home\/sin-lewandowski-a-enfrenta-mexico-ante-polonia\/2017\/11","title":{"rendered":"Sin Lewandowski, \u00bfa qui\u00e9n enfrenta M\u00e9xico ante Polonia?"},"content":{"rendered":"<div><strong>Polonia<\/strong> se enfrentar\u00e1 a <strong>M\u00e9xico<\/strong> este lunes por la tarde, pero lo har\u00e1 con la baja de su capit\u00e1n y goleador <strong>Robert Lewandowski<\/strong>.<\/div>\n<div><\/div>\n<div>Lewandowski no s\u00f3lo es el goleador de Polonia sino fue el m\u00e1ximo anotador de las <strong>eliminatorias en UEFA<\/strong>, por lo que es una dolorosa baja.<\/div>\n<div><\/div>\n<div>Sin embargo, Polonia cuenta con algunos personajes que son jugadores a seguir dentro de la selecci\u00f3n.<\/div>\n<div><\/div>\n<div><\/div>\n<div>El arquero <strong>\u0141ukasz Fabianski<\/strong> se convirti\u00f3 en el preferido para cubrir la valla de Polonia, y pese a que en los \u00faltimos partidos altern\u00f3 con Szczesny, es el hombre de confianza en el arco polaco.<\/div>\n<div><\/div>\n<div style=\"text-align: center;\"><span style=\"color: #333399;\"><a href=\"https:\/\/www.futboltotal.com.mx\/destacado-home\/giovani-dos-santos-baja-del-tri-contra-polonia-lesion\/2017\/11\">VER M\u00c1S:\u00a0<span class=\"item-title\">Giovani Dos Santos, baja del Tri contra Polonia por lesi\u00f3n<\/span><\/a><\/span><\/div>\n<div><\/div>\n<div>Fabianski recibi\u00f3 diez goles durante la eliminatoria UEFA rumbo al <strong>Mundial 2018<\/strong>.<\/div>\n<div><\/div>\n<div>Otro de los futbolistas a observar durante el encuentro es el lateral\u00a0Kamil Glik, quien tiene 56 participaciones con Polonia y 4 goles en su carrera.<\/div>\n<div><\/div>\n<div>El futbolista del M\u00f3naco tuvo un gol en la eliminatoria con Polonia rumbo al Mundial 2018.<\/div>\n<div><\/div>\n<div>Y una pareja de mediocampistas que tienen mucha implicaci\u00f3n en la generaci\u00f3n de futbol de los europeos:\u00a0<strong>Jakub B\u0142aszczykowski\u00a0 y\u00a0Grzegorz Krychowiak<\/strong>.<\/div>\n<div><\/div>\n<div style=\"text-align: center;\"><span style=\"color: #333399;\"><a href=\"https:\/\/www.futboltotal.com.mx\/destacado-home\/mexico-enfrentara-a-polonia-cuatro-bajas\/2017\/11\">VER M\u00c1S:\u00a0<span class=\"item-title\">M\u00e9xico enfrentar\u00e1 a Polonia con cuatro bajas<\/span><\/a><\/span><\/div>\n<div><\/div>\n<div>B\u0142aszczykowski es junto con Lewandowski, los dos m\u00e1ximos referentes actuales de la selecci\u00f3n de Polonia. El mediocampista s\u00f3lo anot\u00f3 un gol en las eliminatorias, pero es un comandante del mediocampo.<\/div>\n<div><\/div>\n<div><\/div>\n<div>Mientras que Krychowiak es el hombre fuerte del mediocampo, no tuvo anotaciones en la eliminatoria, pero forma la columna vertebral del fuerte combinado polaco.<\/div>\n<div>\u00a0<img decoding=\"async\" loading=\"lazy\" class=\"size-full wp-image-509184 aligncenter\" src=\"https:\/\/www.futboltotal.com.mx\/wp-content\/uploads\/2017\/11\/sinlewandowski.jpg\" alt=\"Sin Lewandowski, \u00bfa qui\u00e9n enfrenta M\u00e9xico ante Polonia? 0\" srcset=\"http:\/\/desarrollo.grupomedios.com\/futbol\/wp-content\/uploads\/2017\/11\/sinlewandowski.jpg 858w, http:\/\/desarrollo.grupomedios.com\/futbol\/wp-content\/uploads\/2017\/11\/sinlewandowski-264x300.jpg 264w, http:\/\/desarrollo.grupomedios.com\/futbol\/wp-content\/uploads\/2017\/11\/sinlewandowski-768x873.jpg 768w\" sizes=\"(max-width: 858px) 100vw, 858px\" \/><\/div>\n","protected":false},"excerpt":{"rendered":"<p>Pese a la baja del capit\u00e1n goleador, hay algunos futbolistas de cuidado<\/p>\n","protected":false},"author":160,"featured_media":509094,"comment_status":"closed","ping_status":"closed","sticky":false,"template":"","format":"standard","meta":[],"categories":[5,3839],"tags":[9994,7295,11147,65,1296,6038,11146],"_links":{"self":[{"href":"http:\/\/desarrollo.grupomedios.com\/futbol\/wp-json\/wp\/v2\/posts\/509093"}],"collection":[{"href":"http:\/\/desarrollo.grupomedios.com\/futbol\/wp-json\/wp\/v2\/posts"}],"about":[{"href":"http:\/\/desarrollo.grupomedios.com\/futbol\/wp-json\/wp\/v2\/types\/post"}],"author":[{"embeddable":true,"href":"http:\/\/desarrollo.grupomedios.com\/futbol\/wp-json\/wp\/v2\/users\/160"}],"replies":[{"embeddable":true,"href":"http:\/\/desarrollo.grupomedios.com\/futbol\/wp-json\/wp\/v2\/comments?post=509093"}],"version-history":[{"count":3,"href":"http:\/\/desarrollo.grupomedios.com\/futbol\/wp-json\/wp\/v2\/posts\/509093\/revisions"}],"predecessor-version":[{"id":509186,"href":"http:\/\/desarrollo.grupomedios.com\/futbol\/wp-json\/wp\/v2\/posts\/509093\/revisions\/509186"}],"wp:featuredmedia":[{"embeddable":true,"href":"http:\/\/desarrollo.grupomedios.com\/futbol\/wp-json\/wp\/v2\/media\/509094"}],"wp:attachment":[{"href":"http:\/\/desarrollo.grupomedios.com\/futbol\/wp-json\/wp\/v2\/media?parent=509093"}],"wp:term":[{"taxonomy":"category","embeddable":true,"href":"http:\/\/desarrollo.grupomedios.com\/futbol\/wp-json\/wp\/v2\/categories?post=509093"},{"taxonomy":"post_tag","embeddable":true,"href":"http:\/\/desarrollo.grupomedios.com\/futbol\/wp-json\/wp\/v2\/tags?post=509093"}],"curies":[{"name":"wp","href":"https:\/\/api.w.org\/{rel}","templated":true}]}}