{"id":509100,"date":"2017-11-12T12:58:29","date_gmt":"2017-11-12T18:58:29","guid":{"rendered":"https:\/\/www.futboltotal.com.mx\/?p=509100"},"modified":"2017-11-12T12:58:29","modified_gmt":"2017-11-12T18:58:29","slug":"mbappe-pide-comprender-a-neymar-humano-todos","status":"publish","type":"post","link":"http:\/\/desarrollo.grupomedios.com\/futbol\/futbol-internacional\/mbappe-pide-comprender-a-neymar-humano-todos\/2017\/11","title":{"rendered":"Mbapp\u00e9 pide comprender a Neymar porque &#8220;es un ser humano como todos&#8221;"},"content":{"rendered":"<p>El atacante franc\u00e9s del <strong>Paris Saint-Germain Kyliam Mbapp\u00e9<\/strong> asegur\u00f3 hoy que<span style=\"color: #3366ff;\"><a href=\"https:\/\/www.futboltotal.com.mx\/futbol-internacional\/neymar-arremete-contra-la-prensa-habla-cavani-psg\/2017\/11\"> entiende las l\u00e1grimas vertidas el pasado viernes por su compa\u00f1ero de club<\/a><\/span>, el brasile\u00f1o <strong>Neymar<\/strong>, ante las cr\u00edticas por la presunta mala relaci\u00f3n que mantiene con el entrenador,<strong> Unai Emery<\/strong>, y con el atacante uruguayo<strong> Edinson Cavani<\/strong>.<\/p>\n<p>&#8220;Es normal que se emocione por tantas cr\u00edticas recibidas. Eso demuestra que es un ser humano como todos nosotros, que tiene dos brazos y dos piernas, un coraz\u00f3n&#8221;, asegur\u00f3 el jugador de 18 a\u00f1os a la televisi\u00f3n <em>TF1<\/em>\u00a0desde la concentraci\u00f3n de la selecci\u00f3n francesa.<\/p>\n<p>Neymar no pudo evitar las l\u00e1grimas cuando compareci\u00f3 ante la prensa para desmentir su mala relaci\u00f3n con el entrenador y con Cavani tras el amistoso que disput\u00f3 con<strong> Brasil<\/strong> en <strong>Lille<\/strong> <span style=\"color: #3366ff;\"><a href=\"https:\/\/www.futboltotal.com.mx\/destacado-home\/brasil-ayuda-del-var-se-impone-a-una-debil-japon\/2017\/11\">frente a Jap\u00f3n el pasado viernes<\/a><\/span>.<\/p>\n<p style=\"text-align: center;\"><span style=\"color: #3366ff;\"><a href=\"https:\/\/www.futboltotal.com.mx\/futbol-internacional\/neymar-mi-hermano-mayor-kylian-mbappe\/2017\/11\">VER M\u00c1S: Neymar es como mi hermano mayor: Kylian Mbapp\u00e9<\/a><\/span><\/p>\n<p>Mbapp\u00e9 se\u00f1al\u00f3 que el brasile\u00f1o da &#8220;cierta imagen en la que parece que no le afectan las cosas&#8221; pero que &#8220;cuando se le conoce es alguien que se abre, se muestra, es alguien normal&#8221;.<\/p>\n<p>&#8220;Es tan fuerte en el campo que uno piensa que tambi\u00e9n lo es fuera, pero fuera es alguien normal&#8221;, reiter\u00f3. EFE<\/p>\n","protected":false},"excerpt":{"rendered":"<p>El franc\u00e9s dijo entender las l\u00e1grimas de su compa\u00f1ero en el PSG.<\/p>\n","protected":false},"author":129,"featured_media":509101,"comment_status":"closed","ping_status":"closed","sticky":false,"template":"","format":"standard","meta":[],"categories":[3839,9609],"tags":[6009,413,6214,8554,6001,114],"_links":{"self":[{"href":"http:\/\/desarrollo.grupomedios.com\/futbol\/wp-json\/wp\/v2\/posts\/509100"}],"collection":[{"href":"http:\/\/desarrollo.grupomedios.com\/futbol\/wp-json\/wp\/v2\/posts"}],"about":[{"href":"http:\/\/desarrollo.grupomedios.com\/futbol\/wp-json\/wp\/v2\/types\/post"}],"author":[{"embeddable":true,"href":"http:\/\/desarrollo.grupomedios.com\/futbol\/wp-json\/wp\/v2\/users\/129"}],"replies":[{"embeddable":true,"href":"http:\/\/desarrollo.grupomedios.com\/futbol\/wp-json\/wp\/v2\/comments?post=509100"}],"version-history":[{"count":1,"href":"http:\/\/desarrollo.grupomedios.com\/futbol\/wp-json\/wp\/v2\/posts\/509100\/revisions"}],"predecessor-version":[{"id":509103,"href":"http:\/\/desarrollo.grupomedios.com\/futbol\/wp-json\/wp\/v2\/posts\/509100\/revisions\/509103"}],"wp:featuredmedia":[{"embeddable":true,"href":"http:\/\/desarrollo.grupomedios.com\/futbol\/wp-json\/wp\/v2\/media\/509101"}],"wp:attachment":[{"href":"http:\/\/desarrollo.grupomedios.com\/futbol\/wp-json\/wp\/v2\/media?parent=509100"}],"wp:term":[{"taxonomy":"category","embeddable":true,"href":"http:\/\/desarrollo.grupomedios.com\/futbol\/wp-json\/wp\/v2\/categories?post=509100"},{"taxonomy":"post_tag","embeddable":true,"href":"http:\/\/desarrollo.grupomedios.com\/futbol\/wp-json\/wp\/v2\/tags?post=509100"}],"curies":[{"name":"wp","href":"https:\/\/api.w.org\/{rel}","templated":true}]}}