{"id":509107,"date":"2017-11-12T13:09:57","date_gmt":"2017-11-12T19:09:57","guid":{"rendered":"https:\/\/www.futboltotal.com.mx\/?p=509107"},"modified":"2017-11-12T13:09:57","modified_gmt":"2017-11-12T19:09:57","slug":"sebastian-vettel-gana-gp-brasil","status":"publish","type":"post","link":"http:\/\/desarrollo.grupomedios.com\/futbol\/no-todo-es-futbol\/sebastian-vettel-gana-gp-brasil\/2017\/11","title":{"rendered":"Sebastian Vettel gana el GP de Brasil; Checo P\u00e9rez fue noveno"},"content":{"rendered":"<p>El alem\u00e1n <strong>Sebastian Vettel (Ferrari)<\/strong> logr\u00f3 este domingo la victoria en el <strong>Gran Premio de Brasil<\/strong>, decimonovena y pen\u00faltima prueba del <strong>Mundial de F\u00f3rmula Uno<\/strong>, y se queda a un paso del subcampeonato.<\/p>\n<p>Vettel logr\u00f3 su quinta victoria de la temporada y la tercera en Brasil al acabar por delante de los finlandeses<strong> Valtteri Bottas<\/strong> (<strong>Mercedes<\/strong>) y <strong>Kimi Raikkonen (Ferrari)<\/strong> y el brit\u00e1nico <strong>Lewis Hamilton<\/strong> (Mercedes), que arranc\u00f3 desde la calle de garajes.<\/p>\n<p style=\"text-align: center;\"><span style=\"color: #3366ff;\"><a href=\"https:\/\/www.futboltotal.com.mx\/futbol-internacional\/suiza-supera-repechaje-va-al-mundial-rusia-2018\/2017\/11\">VER M\u00c1S: Suiza supera el repechaje y va al Mundial de Rusia 2018<\/a><\/span><\/p>\n<p>https:\/\/twitter.com\/F1\/status\/929765199124582400<\/p>\n<p>Sebastian Vettel sum\u00f3 su cuadrag\u00e9sima s\u00e9ptima victoria en<strong> F\u00f3rmula Uno<\/strong>, la quinta de la presente temporada y la tercera en Brasil, donde ya se impuso en 2010 y 2013.<\/p>\n<p>El tetracampe\u00f3n del mundo acab\u00f3 primero en el circuito paulista de Interlagos por delante de Bottas, que sali\u00f3 desde la &#8216;pole&#8217; justo por delante de \u00e9l y al que adelant\u00f3 en la primera curva.<\/p>\n<p>Despu\u00e9s Vettel control\u00f3 con autoridad la carrera para ganar la carrera. El germano une este triunfo a los logrados este mismo a\u00f1o en<strong> Australia, Bar\u00e9in, M\u00f3naco y Hungr\u00eda<\/strong>.<\/p>\n<p style=\"text-align: center;\"><span style=\"color: #3366ff;\"><a href=\"https:\/\/www.futboltotal.com.mx\/futbol-internacional\/liga-de-inglaterra\/chicharito-anota-iria-a-la-banca-moyes\/2017\/11\">VER M\u00c1S: &#8220;Chicharito\u201d si no anota, ir\u00eda a la banca: Moyes<\/a><\/span><\/p>\n<p>El podio lo complet\u00f3 <strong>Kimi Raikkonen<\/strong>, que en el tramo final aguant\u00f3 el ataque de Hamilton, que comenz\u00f3 desde la calle de garajes y consigui\u00f3 remontar hasta el cuarto puesto y con opciones de meterse en el caj\u00f3n.<\/p>\n<p>Tras esta carrera Vettel aventaja en 22 puntos a Bottas en la pugna por el subcampeonato.<\/p>\n<p>El espa\u00f1ol <strong>Fernando Alonso (McLaren-Honda)<\/strong> se clasific\u00f3 en el octavo puesto y su compatriota <strong>Carlos Sainz (Renault),<\/strong> en el und\u00e9cimo.<\/p>\n<p>El Mundial se dirige ahora a<strong> Abu Dabi<\/strong>, cuyo circuito <strong>Yas Marina<\/strong> ser\u00e1 del 24 al 26 de noviembre el escenario de la \u00faltima prueba del campeonato. EFE<\/p>\n","protected":false},"excerpt":{"rendered":"<p>El campe\u00f3n Hamilton se qued\u00f3 en cuarto lugar.<\/p>\n","protected":false},"author":129,"featured_media":496360,"comment_status":"closed","ping_status":"closed","sticky":false,"template":"","format":"standard","meta":[],"categories":[5810,5418,6411],"tags":[5480,6412,1735,5493,5461,9873],"_links":{"self":[{"href":"http:\/\/desarrollo.grupomedios.com\/futbol\/wp-json\/wp\/v2\/posts\/509107"}],"collection":[{"href":"http:\/\/desarrollo.grupomedios.com\/futbol\/wp-json\/wp\/v2\/posts"}],"about":[{"href":"http:\/\/desarrollo.grupomedios.com\/futbol\/wp-json\/wp\/v2\/types\/post"}],"author":[{"embeddable":true,"href":"http:\/\/desarrollo.grupomedios.com\/futbol\/wp-json\/wp\/v2\/users\/129"}],"replies":[{"embeddable":true,"href":"http:\/\/desarrollo.grupomedios.com\/futbol\/wp-json\/wp\/v2\/comments?post=509107"}],"version-history":[{"count":1,"href":"http:\/\/desarrollo.grupomedios.com\/futbol\/wp-json\/wp\/v2\/posts\/509107\/revisions"}],"predecessor-version":[{"id":509108,"href":"http:\/\/desarrollo.grupomedios.com\/futbol\/wp-json\/wp\/v2\/posts\/509107\/revisions\/509108"}],"wp:featuredmedia":[{"embeddable":true,"href":"http:\/\/desarrollo.grupomedios.com\/futbol\/wp-json\/wp\/v2\/media\/496360"}],"wp:attachment":[{"href":"http:\/\/desarrollo.grupomedios.com\/futbol\/wp-json\/wp\/v2\/media?parent=509107"}],"wp:term":[{"taxonomy":"category","embeddable":true,"href":"http:\/\/desarrollo.grupomedios.com\/futbol\/wp-json\/wp\/v2\/categories?post=509107"},{"taxonomy":"post_tag","embeddable":true,"href":"http:\/\/desarrollo.grupomedios.com\/futbol\/wp-json\/wp\/v2\/tags?post=509107"}],"curies":[{"name":"wp","href":"https:\/\/api.w.org\/{rel}","templated":true}]}}