{"id":509117,"date":"2017-11-12T15:00:04","date_gmt":"2017-11-12T21:00:04","guid":{"rendered":"https:\/\/www.futboltotal.com.mx\/?p=509117"},"modified":"2017-11-12T15:00:04","modified_gmt":"2017-11-12T21:00:04","slug":"benzema-se-lanza-contra-deschamps-asuencia-en-francia","status":"publish","type":"post","link":"http:\/\/desarrollo.grupomedios.com\/futbol\/futbol-internacional\/benzema-se-lanza-contra-deschamps-asuencia-en-francia\/2017\/11","title":{"rendered":"Benzema se lanza contra Deschamps por su asuencia en Francia"},"content":{"rendered":"<p>Luego de m\u00e1s de dos a\u00f1os de ausencia de la <strong>Selecci\u00f3n Francesa<\/strong>,<strong> Karim Benzema<\/strong> no ve ninguna posibilidad de volver a jugar con el equipo de su pa\u00eds mientras est\u00e9 el entrenador <strong>Didier Deschamps<\/strong> al mando, as\u00ed lo declar\u00f3 para el <em>Canal + Francia<\/em>.<\/p>\n<p>El delantero del <strong>Real Madrid<\/strong> disput\u00f3 su \u00faltimo partido con los <em>bleus<\/em>\u00a0en octubre de 2015 y desde entonces no es convocado tras verse implicado en un chantaje con un v\u00eddeo de contenido sexual al tambi\u00e9n internacional <strong>Mathieu Valbuena<\/strong>.<\/p>\n<p style=\"text-align: center;\"><span style=\"color: #3366ff;\"><a href=\"https:\/\/www.futboltotal.com.mx\/futbol-internacional\/liga-de-espana\/real-madrid-venderia-a-bale-sus-lesiones-en-la-premier-league-esperan\/2017\/11\">VER M\u00c1S: Real Madrid vender\u00eda a Bale y en la Premier League ya lo buscan<\/a><\/span><\/p>\n<p>\u201cEstoy resentido con Didier Deschamps porque soy un competidor y me perd\u00ed una <strong>Eurocopa en Francia (en 2016)<\/strong> tras haber llevado a cabo una soberbia temporada. No tengo ning\u00fan problema con el entrenador, pero s\u00e9 que mientras \u00e9l est\u00e9 all\u00ed, no me llamar\u00e1n (&#8230;) Habl\u00e9 con \u00e9l antes de la Eurocopa, pero no hubo explicaci\u00f3n\u201d.<\/p>\n<p>Respecto a su presencia en el <strong>Mundial de Rusia-2018<\/strong>, Benzema considera que \u201ctodav\u00eda creo en el f\u00fatbol, tienes que creer. Pero hace dos a\u00f1os y medio que no estoy en la selecci\u00f3n de Francia, no hay que ser tonto\u201d. El 31 de octubre pasado Deschamps renov\u00f3 como seleccionador franc\u00e9s hasta 2020.<\/p>\n<p style=\"text-align: center;\"><span style=\"color: #3366ff;\"><a href=\"https:\/\/www.futboltotal.com.mx\/futbol-internacional\/giroud-baja-alemania-francia-lesion\/2017\/11\">VER M\u00c1S: Giroud es baja para el Alemania-Francia por lesi\u00f3n<\/a><\/span><\/p>\n","protected":false},"excerpt":{"rendered":"<p>El franc\u00e9s mantiene la vela prendida para ir a Rusia.<\/p>\n","protected":false},"author":129,"featured_media":487702,"comment_status":"closed","ping_status":"closed","sticky":false,"template":"","format":"standard","meta":[],"categories":[3839],"tags":[3188,11152,413,6042,5829],"_links":{"self":[{"href":"http:\/\/desarrollo.grupomedios.com\/futbol\/wp-json\/wp\/v2\/posts\/509117"}],"collection":[{"href":"http:\/\/desarrollo.grupomedios.com\/futbol\/wp-json\/wp\/v2\/posts"}],"about":[{"href":"http:\/\/desarrollo.grupomedios.com\/futbol\/wp-json\/wp\/v2\/types\/post"}],"author":[{"embeddable":true,"href":"http:\/\/desarrollo.grupomedios.com\/futbol\/wp-json\/wp\/v2\/users\/129"}],"replies":[{"embeddable":true,"href":"http:\/\/desarrollo.grupomedios.com\/futbol\/wp-json\/wp\/v2\/comments?post=509117"}],"version-history":[{"count":1,"href":"http:\/\/desarrollo.grupomedios.com\/futbol\/wp-json\/wp\/v2\/posts\/509117\/revisions"}],"predecessor-version":[{"id":509118,"href":"http:\/\/desarrollo.grupomedios.com\/futbol\/wp-json\/wp\/v2\/posts\/509117\/revisions\/509118"}],"wp:featuredmedia":[{"embeddable":true,"href":"http:\/\/desarrollo.grupomedios.com\/futbol\/wp-json\/wp\/v2\/media\/487702"}],"wp:attachment":[{"href":"http:\/\/desarrollo.grupomedios.com\/futbol\/wp-json\/wp\/v2\/media?parent=509117"}],"wp:term":[{"taxonomy":"category","embeddable":true,"href":"http:\/\/desarrollo.grupomedios.com\/futbol\/wp-json\/wp\/v2\/categories?post=509117"},{"taxonomy":"post_tag","embeddable":true,"href":"http:\/\/desarrollo.grupomedios.com\/futbol\/wp-json\/wp\/v2\/tags?post=509117"}],"curies":[{"name":"wp","href":"https:\/\/api.w.org\/{rel}","templated":true}]}}