{"id":509119,"date":"2017-11-12T15:09:50","date_gmt":"2017-11-12T21:09:50","guid":{"rendered":"https:\/\/www.futboltotal.com.mx\/?p=509119"},"modified":"2017-11-12T15:09:50","modified_gmt":"2017-11-12T21:09:50","slug":"cristiano-ronaldo-da-la-bienvenida-a-nueva-hija","status":"publish","type":"post","link":"http:\/\/desarrollo.grupomedios.com\/futbol\/cambio-de-juego\/cristiano-ronaldo-da-la-bienvenida-a-nueva-hija\/2017\/11","title":{"rendered":"Cristiano Ronaldo da la bienvenida a su nueva hija"},"content":{"rendered":"<p><strong>Cristiano Ronaldo<\/strong> ha sido padre por cuarta vez. <strong>Alana<\/strong>\u00a0ha nacido en la Cl\u00ednica Quir\u00f3n de Pozuelo de Alarc\u00f3n convirti\u00e9ndose en la primera hija que tiene el portugu\u00e9s con su novia <strong>Georgina Rodr\u00edguez<\/strong>. Los otros tres hijos del jugador del <strong>Real Madrid<\/strong> los tuvo por gestaci\u00f3n subrogada.<\/p>\n<p>El nuevo inquilino de la familia del portugu\u00e9s es una ni\u00f1a que llevar\u00e1 de nombre <strong>Alana Martina<\/strong> y que pronto conocer\u00e1 a sus hermanos:<strong> Cristiano J\u00fanior<\/strong> (7 a\u00f1os) y a los gemelos<strong> Eva<\/strong> y <strong>Mateo<\/strong>, que apenas cuentan con unos meses de vida.<\/p>\n<p style=\"text-align: center;\"><span style=\"color: #3366ff;\"><a href=\"https:\/\/www.futboltotal.com.mx\/futbol-internacional\/liga-de-espana\/javier-mascherano-dejaria-al-barcelona-tras-mundial\/2017\/11\">VER M\u00c1S: Javier Mascherano dejar\u00eda al Barcelona tras el Mundial<\/a><\/span><\/p>\n<blockquote class=\"twitter-tweet\" data-width=\"500\">\n<p lang=\"pt\" dir=\"ltr\">A Alana Martina acaba de nascer! Tanto a Geo como a Alana est\u00e3o muito bem! Estamos todos muito felizes! \u2764\ufe0f <a href=\"https:\/\/t.co\/nMT4rYc32U\">pic.twitter.com\/nMT4rYc32U<\/a><\/p>\n<p>&mdash; Cristiano Ronaldo (@Cristiano) <a href=\"https:\/\/twitter.com\/Cristiano\/status\/929807173806448646?ref_src=twsrc%5Etfw\">November 12, 2017<\/a><\/p><\/blockquote>\n<p><script async src=\"https:\/\/platform.twitter.com\/widgets.js\" charset=\"utf-8\"><\/script><\/p>\n","protected":false},"excerpt":{"rendered":"<p>Cristiano Ronaldo presumi\u00f3 la fotograf\u00eda con su hija y su novia Georgina.<\/p>\n","protected":false},"author":129,"featured_media":509120,"comment_status":"closed","ping_status":"closed","sticky":false,"template":"","format":"standard","meta":[],"categories":[5419],"tags":[5460,6013,6214,9311],"_links":{"self":[{"href":"http:\/\/desarrollo.grupomedios.com\/futbol\/wp-json\/wp\/v2\/posts\/509119"}],"collection":[{"href":"http:\/\/desarrollo.grupomedios.com\/futbol\/wp-json\/wp\/v2\/posts"}],"about":[{"href":"http:\/\/desarrollo.grupomedios.com\/futbol\/wp-json\/wp\/v2\/types\/post"}],"author":[{"embeddable":true,"href":"http:\/\/desarrollo.grupomedios.com\/futbol\/wp-json\/wp\/v2\/users\/129"}],"replies":[{"embeddable":true,"href":"http:\/\/desarrollo.grupomedios.com\/futbol\/wp-json\/wp\/v2\/comments?post=509119"}],"version-history":[{"count":1,"href":"http:\/\/desarrollo.grupomedios.com\/futbol\/wp-json\/wp\/v2\/posts\/509119\/revisions"}],"predecessor-version":[{"id":509121,"href":"http:\/\/desarrollo.grupomedios.com\/futbol\/wp-json\/wp\/v2\/posts\/509119\/revisions\/509121"}],"wp:featuredmedia":[{"embeddable":true,"href":"http:\/\/desarrollo.grupomedios.com\/futbol\/wp-json\/wp\/v2\/media\/509120"}],"wp:attachment":[{"href":"http:\/\/desarrollo.grupomedios.com\/futbol\/wp-json\/wp\/v2\/media?parent=509119"}],"wp:term":[{"taxonomy":"category","embeddable":true,"href":"http:\/\/desarrollo.grupomedios.com\/futbol\/wp-json\/wp\/v2\/categories?post=509119"},{"taxonomy":"post_tag","embeddable":true,"href":"http:\/\/desarrollo.grupomedios.com\/futbol\/wp-json\/wp\/v2\/tags?post=509119"}],"curies":[{"name":"wp","href":"https:\/\/api.w.org\/{rel}","templated":true}]}}