{"id":509137,"date":"2017-11-12T18:05:23","date_gmt":"2017-11-13T00:05:23","guid":{"rendered":"https:\/\/www.futboltotal.com.mx\/?p=509137"},"modified":"2017-11-12T18:05:23","modified_gmt":"2017-11-13T00:05:23","slug":"fallece-papa-diego-alonso-tecnico-pachuca","status":"publish","type":"post","link":"http:\/\/desarrollo.grupomedios.com\/futbol\/futbol-mexicano\/fallece-papa-diego-alonso-tecnico-pachuca\/2017\/11","title":{"rendered":"Fallece el pap\u00e1 de Diego Alonso, t\u00e9cnico de Pachuca"},"content":{"rendered":"<p>El padre de <strong>Diego Alonso<\/strong>, director t\u00e9cnico del <strong>Pachuca<\/strong>, falleci\u00f3 este domingo, inform\u00f3 la directiva de los <strong>Tuzos<\/strong> en redes sociales.<\/p>\n<p>&#8220;Diego lamentamos la muerte de tu se\u00f1or padre <strong>Edgardo Alonso<\/strong>, gran ser humano y padre ejemplar, es imposible no estar tristes en tu dolor&#8221;, public\u00f3 Pachuca en su cuenta de Twitter.<\/p>\n<p style=\"text-align: center;\"><span style=\"color: #3366ff;\"><a href=\"https:\/\/www.futboltotal.com.mx\/futbol-internacional\/ronaldinho-marco-espectacular-gol-en-partido-la-paz-en-queretaro\/2017\/11\">VER M\u00c1S: Ronaldinho marc\u00f3 espectacular gol en Partido por la Paz en Quer\u00e9taro<\/a><\/span><\/p>\n<blockquote class=\"twitter-tweet\" data-width=\"500\">\n<p lang=\"es\" dir=\"ltr\">En este momento tan dif\u00edcil estamos contigo <a href=\"https:\/\/twitter.com\/AlonsoDT?ref_src=twsrc%5Etfw\">@AlonsoDT<\/a>.<\/p>\n<p>Abrazo solidario. <a href=\"https:\/\/t.co\/oQtle3u8by\">pic.twitter.com\/oQtle3u8by<\/a><\/p>\n<p>&mdash; Club Pachuca (@Tuzos) <a href=\"https:\/\/twitter.com\/Tuzos\/status\/929790481264979968?ref_src=twsrc%5Etfw\">November 12, 2017<\/a><\/p><\/blockquote>\n<p><script async src=\"https:\/\/platform.twitter.com\/widgets.js\" charset=\"utf-8\"><\/script><\/p>\n<p>Asimismo, la cuenta de Twitter de la<strong> Liga Bancomer MX<\/strong> tambi\u00e9n mostr\u00f3 sus condolencias con el entrenador uruguayo y mand\u00f3 un mensaje de apoyo en sus redes sociales.<\/p>\n<blockquote class=\"twitter-tweet\" data-width=\"500\">\n<p lang=\"es\" dir=\"ltr\">La LIGA Bancomer MX lamenta el fallecimiento de Don Edgardo Alonso, Padre de Diego Alonso, Director T\u00e9cnico del Club Pachuca. <a href=\"https:\/\/t.co\/rGf1p2Y9YJ\">pic.twitter.com\/rGf1p2Y9YJ<\/a><\/p>\n<p>&mdash; LIGA Bancomer MX (@LIGABancomerMX) <a href=\"https:\/\/twitter.com\/LIGABancomerMX\/status\/929797063868547072?ref_src=twsrc%5Etfw\">November 12, 2017<\/a><\/p><\/blockquote>\n<p><script async src=\"https:\/\/platform.twitter.com\/widgets.js\" charset=\"utf-8\"><\/script><\/p>\n<p>Hasta ahora se desconocen las causas del fallecimiento del se\u00f1or Edgardo Alonso.<\/p>\n<p>Pachuca enfrentar\u00e1 al <strong>Atlas<\/strong> en la \u00faltima jornada del<strong> Apertura 2017<\/strong> de la<strong> Liga MX<\/strong> y a media semana disputar\u00e1 las <strong>Semifinales de Copa MX<\/strong>, todo esto servir\u00e1 tambi\u00e9n como preparaci\u00f3n para el <strong>Mundial de Clubes en los Emiratos \u00c1rabes Unidos<\/strong>.<\/p>\n","protected":false},"excerpt":{"rendered":"<p>Hasta ahora se desconocen las causas del fallecimiento del se\u00f1or Alonso.<\/p>\n","protected":false},"author":129,"featured_media":509141,"comment_status":"closed","ping_status":"closed","sticky":false,"template":"","format":"standard","meta":[],"categories":[2198,3845],"tags":[8589,11153,11154,64,5968,73],"_links":{"self":[{"href":"http:\/\/desarrollo.grupomedios.com\/futbol\/wp-json\/wp\/v2\/posts\/509137"}],"collection":[{"href":"http:\/\/desarrollo.grupomedios.com\/futbol\/wp-json\/wp\/v2\/posts"}],"about":[{"href":"http:\/\/desarrollo.grupomedios.com\/futbol\/wp-json\/wp\/v2\/types\/post"}],"author":[{"embeddable":true,"href":"http:\/\/desarrollo.grupomedios.com\/futbol\/wp-json\/wp\/v2\/users\/129"}],"replies":[{"embeddable":true,"href":"http:\/\/desarrollo.grupomedios.com\/futbol\/wp-json\/wp\/v2\/comments?post=509137"}],"version-history":[{"count":1,"href":"http:\/\/desarrollo.grupomedios.com\/futbol\/wp-json\/wp\/v2\/posts\/509137\/revisions"}],"predecessor-version":[{"id":509142,"href":"http:\/\/desarrollo.grupomedios.com\/futbol\/wp-json\/wp\/v2\/posts\/509137\/revisions\/509142"}],"wp:featuredmedia":[{"embeddable":true,"href":"http:\/\/desarrollo.grupomedios.com\/futbol\/wp-json\/wp\/v2\/media\/509141"}],"wp:attachment":[{"href":"http:\/\/desarrollo.grupomedios.com\/futbol\/wp-json\/wp\/v2\/media?parent=509137"}],"wp:term":[{"taxonomy":"category","embeddable":true,"href":"http:\/\/desarrollo.grupomedios.com\/futbol\/wp-json\/wp\/v2\/categories?post=509137"},{"taxonomy":"post_tag","embeddable":true,"href":"http:\/\/desarrollo.grupomedios.com\/futbol\/wp-json\/wp\/v2\/tags?post=509137"}],"curies":[{"name":"wp","href":"https:\/\/api.w.org\/{rel}","templated":true}]}}