{"id":509177,"date":"2017-11-13T10:19:49","date_gmt":"2017-11-13T16:19:49","guid":{"rendered":"https:\/\/www.futboltotal.com.mx\/?p=509177"},"modified":"2017-11-13T16:05:55","modified_gmt":"2017-11-13T22:05:55","slug":"mexico-cierra-ano-ante-polonia-la-mira-en-rusia-2018","status":"publish","type":"post","link":"http:\/\/desarrollo.grupomedios.com\/futbol\/futbol-mexicano\/mexico-cierra-ano-ante-polonia-la-mira-en-rusia-2018\/2017\/11","title":{"rendered":"M\u00e9xico cierra el a\u00f1o ante Polonia con la mira en Rusia 2018"},"content":{"rendered":"<p>La selecci\u00f3n de <strong>M\u00e9xico<\/strong> cierra el <strong>2017<\/strong> con el <strong>partido amistoso<\/strong> ante <strong>Polonia<\/strong> como parte de su gira europea como parte de su preparaci\u00f3n para el <a href=\"https:\/\/www.futboltotal.com.mx\/copa-mundial-de-futbol-2018\" target=\"_blank\" rel=\"noopener\"><span style=\"color: #333399;\"><strong>Mundial de Rusia 2018<\/strong><\/span><\/a>, aunque el encuentro contar\u00e1 con <a href=\"https:\/\/www.futboltotal.com.mx\/futbol-mexicano\/seleccion-mexicana\/mexico-enfrentara-a-polonia-cuatro-bajas\/2017\/11\" target=\"_blank\" rel=\"noopener\"><span style=\"color: #333399;\">notables ausencias<\/span><\/a> por parte de ambas escuadras.<\/p>\n<p>El encuentro de llevar\u00e1 a cabo en punto de las <strong>13:45 horas<\/strong> tiempo de M\u00e9xico en la\u00a0<strong>Arena Gdansk<\/strong>, estadio construido en territorio polaco para la disputa de la <strong>Eurocopa 2012<\/strong>.<\/p>\n<p>Luego del <a href=\"https:\/\/www.futboltotal.com.mx\/futbol-mexicano\/seleccion-mexicana\/belgica-3-mexico-3-partido-amistoso-2017-resumen\/2017\/11\" target=\"_blank\" rel=\"noopener\"><span style=\"color: #333399;\">empate del <strong>Tri<\/strong> ante <strong>B\u00e9lgica<\/strong><\/span><\/a>, el combinado mexicano sufre las bajas de nombres como <a href=\"https:\/\/www.futboltotal.com.mx\/futbol-mexicano\/seleccion-mexicana\/chicharito-cumplio-partido-100-tricolor\/2017\/11\" target=\"_blank\" rel=\"noopener\"><span style=\"color: #333399;\"><strong>Javier <em>Chicharito<\/em> Hern\u00e1ndez<\/strong><\/span><\/a>, <strong>H\u00e9ctor Herrera<\/strong>, <a href=\"https:\/\/www.futboltotal.com.mx\/futbol-mexicano\/seleccion-mexicana\/giovani-dos-santos-baja-del-tri-contra-polonia-lesion\/2017\/11\" target=\"_blank\" rel=\"noopener\"><span style=\"color: #333399;\"><strong>Giovani Dos Santos<\/strong><\/span><\/a>, <strong>Edson \u00c1lvarez<\/strong> por problemas f\u00edsicos, adem\u00e1s de <strong>Jes\u00fas <span style=\"text-decoration: underline;\"><em>Tecatito<\/em><\/span> Corona<\/strong>, quien abandon\u00f3 la concentraci\u00f3n del Tri desde antes del primer partido debido a problemas personales.<\/p>\n<p style=\"text-align: center;\"><a href=\"https:\/\/www.futboltotal.com.mx\/futbol-mexicano\/seleccion-mexicana\/chucky-lozano-jugaria-en-real-madrid-argentino-brasileno-pavel\/2017\/11\" target=\"_blank\" rel=\"noopener\"><span style=\"color: #333399;\">VER M\u00c1S: &#8220;Chucky Lozano jugar\u00eda en Real Madrid si fuera argentino o brasile\u00f1o&#8221;<\/span><\/a><\/p>\n<p>El cuadro polaco no tiene tantas ausencias, pero su hombres m\u00e1s importante, el goleador <strong>Robert Lewandowski<\/strong>, no podr\u00e1 ver acci\u00f3n debido a una molestia en el muslo izquierdo.<\/p>\n<h3>ROTACIONES OBLIGADAS PARA OSORIO<\/h3>\n<p>Ante este escenario, el t\u00e9cnico <strong>Juan Carlos Osorio<\/strong> deber\u00e1 realizar m\u00e1s rotaciones de las que ten\u00eda pensadas y \u00fanicamente tres futbolistas,\u00a0<strong>H\u00e9ctor Moreno, Diego Reyes<\/strong> y<strong> Miguel Lay\u00fan<\/strong>, repetir\u00e1n en el 11 inicial.<\/p>\n<p>&nbsp;<\/p>\n<blockquote class=\"twitter-video\" data-lang=\"es\">\n<p dir=\"ltr\" lang=\"und\">&#x1f403;\u26bd&#x1f51b;<a href=\"https:\/\/twitter.com\/hashtag\/SoyM%C3%A9xico?src=hash&amp;ref_src=twsrc%5Etfw\">#SoyM\u00e9xico<\/a> <a href=\"https:\/\/t.co\/ocZNgi8V5T\">pic.twitter.com\/ocZNgi8V5T<\/a><\/p>\n<p>\u2014 Selecci\u00f3n Nacional (@miseleccionmx) <a href=\"https:\/\/twitter.com\/miseleccionmx\/status\/929738149047107584?ref_src=twsrc%5Etfw\">12 de noviembre de 2017<\/a><\/p><\/blockquote>\n<p><script async src=\"https:\/\/platform.twitter.com\/widgets.js\" charset=\"utf-8\"><\/script><\/p>\n<p>La porter\u00eda ser\u00e1 ocupada por <strong>Jes\u00fas Corona<\/strong>, mientras que en la zona baja aparecer\u00e1n <strong>C\u00e9sar Montes<\/strong> y <strong>Hugo Ayala<\/strong> en l\u00ednea de tres junto a Moreno; <strong>Jes\u00fas Gallardo<\/strong> y <strong>Jonathan Dos Santos<\/strong> ver\u00e1n acci\u00f3n en mediocampo y en el ataque se ver\u00e1 un nuevo tridente: <strong>Ra\u00fal Jim\u00e9nez, Oribe Peralta<\/strong> y<strong> J\u00fcrgen Damm<\/strong>.<\/p>\n<h3>&#8220;POLONIA VA A SER UN DESAF\u00cdO&#8221;<\/h3>\n<p>Sin embargo, pese a todos los cambios obligados que deber\u00e1 hacer la Selecci\u00f3n Mexicana, Osorio se enfoca en lo que har\u00e1 sobre el campo el cuadro polaco, al que no demerita a\u00fan sin la presencia de Lewandowski.<\/p>\n<p>&#8220;No creemos que Polonia cambie mucho y si lo hace, va a ser un desaf\u00edo, las ausencias son normales en el futbol y veremos qui\u00e9n puede asumirlas de la mejor manera&#8221;, declar\u00f3.<\/p>\n","protected":false},"excerpt":{"rendered":"<p>El Tri de Osorio disputa el segundo partido de su gira europea.<\/p>\n","protected":false},"author":154,"featured_media":509181,"comment_status":"closed","ping_status":"closed","sticky":false,"template":"","format":"standard","meta":[],"categories":[2198,3847],"tags":[1762,65,5829,1296,409],"_links":{"self":[{"href":"http:\/\/desarrollo.grupomedios.com\/futbol\/wp-json\/wp\/v2\/posts\/509177"}],"collection":[{"href":"http:\/\/desarrollo.grupomedios.com\/futbol\/wp-json\/wp\/v2\/posts"}],"about":[{"href":"http:\/\/desarrollo.grupomedios.com\/futbol\/wp-json\/wp\/v2\/types\/post"}],"author":[{"embeddable":true,"href":"http:\/\/desarrollo.grupomedios.com\/futbol\/wp-json\/wp\/v2\/users\/154"}],"replies":[{"embeddable":true,"href":"http:\/\/desarrollo.grupomedios.com\/futbol\/wp-json\/wp\/v2\/comments?post=509177"}],"version-history":[{"count":3,"href":"http:\/\/desarrollo.grupomedios.com\/futbol\/wp-json\/wp\/v2\/posts\/509177\/revisions"}],"predecessor-version":[{"id":509188,"href":"http:\/\/desarrollo.grupomedios.com\/futbol\/wp-json\/wp\/v2\/posts\/509177\/revisions\/509188"}],"wp:featuredmedia":[{"embeddable":true,"href":"http:\/\/desarrollo.grupomedios.com\/futbol\/wp-json\/wp\/v2\/media\/509181"}],"wp:attachment":[{"href":"http:\/\/desarrollo.grupomedios.com\/futbol\/wp-json\/wp\/v2\/media?parent=509177"}],"wp:term":[{"taxonomy":"category","embeddable":true,"href":"http:\/\/desarrollo.grupomedios.com\/futbol\/wp-json\/wp\/v2\/categories?post=509177"},{"taxonomy":"post_tag","embeddable":true,"href":"http:\/\/desarrollo.grupomedios.com\/futbol\/wp-json\/wp\/v2\/tags?post=509177"}],"curies":[{"name":"wp","href":"https:\/\/api.w.org\/{rel}","templated":true}]}}