{"id":509190,"date":"2017-11-13T10:48:56","date_gmt":"2017-11-13T16:48:56","guid":{"rendered":"https:\/\/www.futboltotal.com.mx\/?p=509190"},"modified":"2017-11-13T10:48:56","modified_gmt":"2017-11-13T16:48:56","slug":"juventus-quiere-fichar-a-jose-maria-gimenez-del-atletico-madrid","status":"publish","type":"post","link":"http:\/\/desarrollo.grupomedios.com\/futbol\/futbol-internacional\/juventus-quiere-fichar-a-jose-maria-gimenez-del-atletico-madrid\/2017\/11","title":{"rendered":"Juventus quiere fichar a Jos\u00e9 Mar\u00eda Gim\u00e9nez del Atl\u00e9tico de Madrid"},"content":{"rendered":"<p>A pesar de que no ha tenido la titularidad en el <strong>Atl\u00e9tico de Madrid<\/strong> como en otras temporadas, el nombre de <strong>Jos\u00e9 Mar\u00eda Gim\u00e9nez<\/strong> sigue dando de qu\u00e9 hablar en el mercado del futbol europeo y en los planes de grandes equipos.<\/p>\n<p>Con contrato hasta 2020, el central sigue anteponiendo continuar vistiendo la camiseta de los <strong>Colchoneros<\/strong> sobre cualquier otra opci\u00f3n, pero eso no deja que escuche ofertas de cara a la pr\u00f3xima temporada si no gana protagonismo en el Atl\u00e9tico, donde ahora est\u00e1 por detr\u00e1s de <strong>Diego God\u00edn<\/strong> y <strong>Savic<\/strong> e incluso de Lucas.<\/p>\n<p style=\"text-align: center;\"><span style=\"color: #3366ff;\"><a href=\"https:\/\/www.futboltotal.com.mx\/futbol-internacional\/liga-de-francia-futbol-internacional\/angel-di-maria-javier-pastore-saldrian-del-psg\/2017\/11\">VER M\u00c1S: \u00c1ngel Di Mar\u00eda y Javier Pastore saldr\u00edan del PSG<\/a><\/span><\/p>\n<p>Ahora desde <strong>Italia<\/strong> se asegura que la <strong>Juventus<\/strong> ir\u00e1 con todo a por el charr\u00faa en verano. Su cl\u00e1usula de rescisi\u00f3n es de 65 millones de euros y, seg\u00fan <em>Tuttosport<\/em>, la <em>Vecchia Signora<\/em> har\u00e1 una importante oferta al Atl\u00e9tico para lograr su contrataci\u00f3n, ya que le ven como el jugador ideal para rejuvenecer la defensa (<strong>Chiellini<\/strong> tiene 33 a\u00f1os y <strong>Barzagli<\/strong> 36).<\/p>\n<p>Adem\u00e1s de la <em>Juve,<\/em> el <strong>Milan<\/strong> y el <strong>N\u00e1poles<\/strong> tambi\u00e9n le siguen la pista y en <strong>Inglaterra<\/strong>, <strong>Liverpool<\/strong> y <strong>Manchester United<\/strong> llevan tiempo con el nombre de Gim\u00e9nez en su cartera.<\/p>\n","protected":false},"excerpt":{"rendered":"<p>El conjunto italiano quiere rejuvenecer su plantilla con el uruguayo.<\/p>\n","protected":false},"author":129,"featured_media":509191,"comment_status":"closed","ping_status":"closed","sticky":false,"template":"","format":"standard","meta":[],"categories":[3839,3844],"tags":[6007,1384,6214,6890,5999,43,242,359,503],"_links":{"self":[{"href":"http:\/\/desarrollo.grupomedios.com\/futbol\/wp-json\/wp\/v2\/posts\/509190"}],"collection":[{"href":"http:\/\/desarrollo.grupomedios.com\/futbol\/wp-json\/wp\/v2\/posts"}],"about":[{"href":"http:\/\/desarrollo.grupomedios.com\/futbol\/wp-json\/wp\/v2\/types\/post"}],"author":[{"embeddable":true,"href":"http:\/\/desarrollo.grupomedios.com\/futbol\/wp-json\/wp\/v2\/users\/129"}],"replies":[{"embeddable":true,"href":"http:\/\/desarrollo.grupomedios.com\/futbol\/wp-json\/wp\/v2\/comments?post=509190"}],"version-history":[{"count":1,"href":"http:\/\/desarrollo.grupomedios.com\/futbol\/wp-json\/wp\/v2\/posts\/509190\/revisions"}],"predecessor-version":[{"id":509193,"href":"http:\/\/desarrollo.grupomedios.com\/futbol\/wp-json\/wp\/v2\/posts\/509190\/revisions\/509193"}],"wp:featuredmedia":[{"embeddable":true,"href":"http:\/\/desarrollo.grupomedios.com\/futbol\/wp-json\/wp\/v2\/media\/509191"}],"wp:attachment":[{"href":"http:\/\/desarrollo.grupomedios.com\/futbol\/wp-json\/wp\/v2\/media?parent=509190"}],"wp:term":[{"taxonomy":"category","embeddable":true,"href":"http:\/\/desarrollo.grupomedios.com\/futbol\/wp-json\/wp\/v2\/categories?post=509190"},{"taxonomy":"post_tag","embeddable":true,"href":"http:\/\/desarrollo.grupomedios.com\/futbol\/wp-json\/wp\/v2\/tags?post=509190"}],"curies":[{"name":"wp","href":"https:\/\/api.w.org\/{rel}","templated":true}]}}