{"id":509199,"date":"2017-11-13T12:10:28","date_gmt":"2017-11-13T18:10:28","guid":{"rendered":"https:\/\/www.futboltotal.com.mx\/?p=509199"},"modified":"2017-11-13T12:12:21","modified_gmt":"2017-11-13T18:12:21","slug":"orbelin-pineda-con-chivas-tuve-nivel-mas-bajo-mi-carrera","status":"publish","type":"post","link":"http:\/\/desarrollo.grupomedios.com\/futbol\/futbol-mexicano\/orbelin-pineda-con-chivas-tuve-nivel-mas-bajo-mi-carrera\/2017\/11","title":{"rendered":"Orbel\u00edn Pineda: &#8220;Con Chivas tuve el nivel m\u00e1s bajo de mi carrera&#8221;"},"content":{"rendered":"<p><strong>POR: STAFF FT<\/strong><\/p>\n<p>El torneo <strong>Apertura 2017<\/strong> ha sido un aut\u00e9ntico calvario para <strong>Chivas<\/strong>, que pas\u00f3 de ser campe\u00f3n un semestre antes a ocupar los \u00faltimos puestos de la tabla general, lo que en gran medida fue consecuencia de la baja de juego de futbolistas como <strong>Orbel\u00edn Pineda<\/strong>, quien confes\u00f3 que vivi\u00f3 el peor torneo en lo que va de su carrera.<\/p>\n<p>&#8220;Estamos conscientes de que fue un p\u00e9simo torneo, no fue como lo esper\u00e1bamos totalmente, en lo personal fue mi nivel mucho m\u00e1s bajo que he tenido en mi carrera, desafortunadamente no logr\u00e9 hacer lo que hac\u00eda el torneo pasado, me cost\u00f3 no hacer pretemporada, me cost\u00f3 no estar con mis compa\u00f1eros, estar entrenando todos los d\u00edas&#8221;, declar\u00f3 el jugador en entrevista para Medio Tiempo.<\/p>\n<p style=\"text-align: center;\"><a href=\"https:\/\/www.futboltotal.com.mx\/futbol-mexicano\/seleccion-mexicana\/chucky-lozano-jugaria-en-real-madrid-argentino-brasileno-pavel\/2017\/11\" target=\"_blank\" rel=\"noopener\"><span style=\"color: #333399;\">VER M\u00c1S: &#8220;Chucky Lozano jugar\u00eda en Real Madrid si fuera argentino o brasile\u00f1o&#8221;<\/span><\/a><\/p>\n<p>A mitad de a\u00f1o, Pineda sum\u00f3 una sobrecarga de juego luego de que tras salir campe\u00f3n de Liga MX con Chivas fue convocado por la <strong>Selecci\u00f3n Mexicana<\/strong> para dos torneos, aunque el segundo finalmente no lo disput\u00f3 pero el da\u00f1o en su ritmo de juego estaba hecho.<\/p>\n<p>&#8220;Estuve en (<strong>Copa<\/strong>) <strong>Confederaciones<\/strong> y <strong>Copa Oro<\/strong> y no descans\u00e9 totalmente. Fue un rendimiento muy bajo el que tuve, pero trat\u00e9 de lograr mi condici\u00f3n como la ten\u00eda antes, pero me cost\u00f3 bastante. Cuando regresamos ac\u00e1 honestamente yo los ve\u00eda volando a todos, y dec\u00eda \u00bfY yo porqu\u00e9 no puedo? Me cansaba muy r\u00e1pido. Yo era uno de esos que no estaba bien preparado.<\/p>\n<p>&#8220;Mat\u00edas lo ha dicho, yo volv\u00ed de la selecci\u00f3n m\u00e1s flaco que <strong>Edson Torres<\/strong>, me costaba mucho, perd\u00ed mucha masa, perd\u00ed mucho peso, y era lo que m\u00e1s necesitaba en la cancha, correr, chocar, no lo ten\u00eda como antes, eso se basa al trabajo, y por eso trabajo, para ser el Orbel\u00edn como reci\u00e9n lleg\u00f3, hasta m\u00e1s todav\u00eda&#8221;, mencion\u00f3 el volante.<\/p>\n<p>Adem\u00e1s, Pineda neg\u00f3 las versiones que aseguran que su baja de juego se debe a actividades extracancha, espec\u00edficamente que el futbolista perdi\u00f3 el piso y comenz\u00f3 a salir de fiesta de manera constante.<\/p>\n<p>&#8220;Dicen que yo andaba de fiesta, que andaba de alcohol o de mujeres, yo sinceramente ni salgo aqu\u00ed, y con este torneo que tuvimos para qu\u00e9 salir, ni dar argumentos a la gente para que hable de m\u00e1s, nada de eso es cierto (&#8230;) Lo \u00fanico que s\u00ed siempre hac\u00eda, honestamente, es lo de gotcha, es mi distracci\u00f3n que siempre ten\u00eda, porque s\u00e9 que no me sal\u00edan las cosas, ten\u00eda que liberar mi mente de otra cosa que no fuera de futbol&#8221;, confes\u00f3.<\/p>\n","protected":false},"excerpt":{"rendered":"<p>El mediocampista del Reba\u00f1o ha trabajado para volver a ser el mismo de antes.<\/p>\n","protected":false},"author":154,"featured_media":509203,"comment_status":"closed","ping_status":"closed","sticky":false,"template":"","format":"standard","meta":[],"categories":[2198,3845],"tags":[8357,70,5963,64,6546],"_links":{"self":[{"href":"http:\/\/desarrollo.grupomedios.com\/futbol\/wp-json\/wp\/v2\/posts\/509199"}],"collection":[{"href":"http:\/\/desarrollo.grupomedios.com\/futbol\/wp-json\/wp\/v2\/posts"}],"about":[{"href":"http:\/\/desarrollo.grupomedios.com\/futbol\/wp-json\/wp\/v2\/types\/post"}],"author":[{"embeddable":true,"href":"http:\/\/desarrollo.grupomedios.com\/futbol\/wp-json\/wp\/v2\/users\/154"}],"replies":[{"embeddable":true,"href":"http:\/\/desarrollo.grupomedios.com\/futbol\/wp-json\/wp\/v2\/comments?post=509199"}],"version-history":[{"count":2,"href":"http:\/\/desarrollo.grupomedios.com\/futbol\/wp-json\/wp\/v2\/posts\/509199\/revisions"}],"predecessor-version":[{"id":509208,"href":"http:\/\/desarrollo.grupomedios.com\/futbol\/wp-json\/wp\/v2\/posts\/509199\/revisions\/509208"}],"wp:featuredmedia":[{"embeddable":true,"href":"http:\/\/desarrollo.grupomedios.com\/futbol\/wp-json\/wp\/v2\/media\/509203"}],"wp:attachment":[{"href":"http:\/\/desarrollo.grupomedios.com\/futbol\/wp-json\/wp\/v2\/media?parent=509199"}],"wp:term":[{"taxonomy":"category","embeddable":true,"href":"http:\/\/desarrollo.grupomedios.com\/futbol\/wp-json\/wp\/v2\/categories?post=509199"},{"taxonomy":"post_tag","embeddable":true,"href":"http:\/\/desarrollo.grupomedios.com\/futbol\/wp-json\/wp\/v2\/tags?post=509199"}],"curies":[{"name":"wp","href":"https:\/\/api.w.org\/{rel}","templated":true}]}}