{"id":509209,"date":"2017-11-13T13:24:37","date_gmt":"2017-11-13T19:24:37","guid":{"rendered":"https:\/\/www.futboltotal.com.mx\/?p=509209"},"modified":"2017-11-13T13:24:37","modified_gmt":"2017-11-13T19:24:37","slug":"pachuca-ya-tiene-tres-candidatos-para-suplir-a-diego-alonso","status":"publish","type":"post","link":"http:\/\/desarrollo.grupomedios.com\/futbol\/futbol-mexicano\/pachuca-ya-tiene-tres-candidatos-para-suplir-a-diego-alonso\/2017\/11","title":{"rendered":"Pachuca ya tiene tres candidatos para suplir a Diego Alonso"},"content":{"rendered":"<p>La relaci\u00f3n entre jugadores y directiva del <strong>Pachuca<\/strong> con el cuerpo t\u00e9cnico de <strong>Diego Alonso<\/strong> parece haber llegado a su l\u00edmite luego del mal torneo que vivieron los <strong>Tuzos<\/strong> en el <strong>Apertura 2017<\/strong>, lo que contrasta con la serie de contrataciones de peso que hicieron de cara a su participaci\u00f3n en el Mundial de Clubes en diciembre.<\/p>\n<p>Todo indica que la c\u00fapula del cuadro hidalguense ya no mantendr\u00e1 m\u00e1s al t\u00e9cnico uruguayo, con quien la qu\u00edmica se habr\u00eda desgastado y los propios futbolistas no est\u00e1n conformes.<\/p>\n<p style=\"text-align: center;\"><a href=\"https:\/\/www.futboltotal.com.mx\/futbol-mexicano\/liga-mx\/orbelin-pineda-con-chivas-tuve-nivel-mas-bajo-mi-carrera\/2017\/11\" target=\"_blank\" rel=\"noopener\"><span style=\"color: #333399;\">VER M\u00c1S: Orbel\u00edn Pineda: &#8220;Con Chivas tuve el nivel m\u00e1s bajo de mi carrera&#8221;<\/span><\/a><\/p>\n<p>Este panorama, que no es reciente, ha causado que la dirigencia deportiva comenzara a estudiar opciones para suplir a Alonso en el banquillo de los Tuzos y tres nombres han surgido.<\/p>\n<p>De acuerdo al diario R\u00e9cord, los favoritos del Pachuca para tomar el relevo como entrenador son el portugu\u00e9s <strong>Pedro Caixinha<\/strong> y los mexicanos <strong>Jos\u00e9 Manuel de la Torre<\/strong> y <strong>V\u00edctor Manuel Vucetich<\/strong>, este \u00faltimo que ya dirigi\u00f3 y fue campe\u00f3n de Liga con el equipo hidalguense en el Apertura 2003.<\/p>\n<p>En el caso de Caixinha, el estratega luso que fue campe\u00f3n en M\u00e9xico con Santos y que apenas tiene semanas de haber sido cesado del <strong>Glasgow Rangers<\/strong>, club al que llev\u00f3 a los mexicanos <strong>Carlos <em>Gullit<\/em> Pe\u00f1a<\/strong> y <strong>Eduardo Herrera<\/strong>, quienes fueron se\u00f1alados como algunos de los culpables del mal paso del equipo escoc\u00e9s.<\/p>\n<p>Finalmente, Chepo de la Torre tambi\u00e9n se maneja como reemplazo de Alonso, luego de haber quedado libre despu\u00e9s de que Santos Laguna lo cesara tras nueve jornadas del actual Apertura 2017, torneo en el que los Laguneros ya est\u00e1n sin posibilidades de calificar a Liguilla, mismo caso que el Pachuca.<\/p>\n","protected":false},"excerpt":{"rendered":"<p>El t\u00e9cnico uruguayo tendr\u00eda los minutos contados con los Tuzos.<\/p>\n","protected":false},"author":154,"featured_media":509213,"comment_status":"closed","ping_status":"closed","sticky":false,"template":"","format":"standard","meta":[],"categories":[2198,3845],"tags":[795,8589,741,5968,1968,73,1575,2031],"_links":{"self":[{"href":"http:\/\/desarrollo.grupomedios.com\/futbol\/wp-json\/wp\/v2\/posts\/509209"}],"collection":[{"href":"http:\/\/desarrollo.grupomedios.com\/futbol\/wp-json\/wp\/v2\/posts"}],"about":[{"href":"http:\/\/desarrollo.grupomedios.com\/futbol\/wp-json\/wp\/v2\/types\/post"}],"author":[{"embeddable":true,"href":"http:\/\/desarrollo.grupomedios.com\/futbol\/wp-json\/wp\/v2\/users\/154"}],"replies":[{"embeddable":true,"href":"http:\/\/desarrollo.grupomedios.com\/futbol\/wp-json\/wp\/v2\/comments?post=509209"}],"version-history":[{"count":2,"href":"http:\/\/desarrollo.grupomedios.com\/futbol\/wp-json\/wp\/v2\/posts\/509209\/revisions"}],"predecessor-version":[{"id":509214,"href":"http:\/\/desarrollo.grupomedios.com\/futbol\/wp-json\/wp\/v2\/posts\/509209\/revisions\/509214"}],"wp:featuredmedia":[{"embeddable":true,"href":"http:\/\/desarrollo.grupomedios.com\/futbol\/wp-json\/wp\/v2\/media\/509213"}],"wp:attachment":[{"href":"http:\/\/desarrollo.grupomedios.com\/futbol\/wp-json\/wp\/v2\/media?parent=509209"}],"wp:term":[{"taxonomy":"category","embeddable":true,"href":"http:\/\/desarrollo.grupomedios.com\/futbol\/wp-json\/wp\/v2\/categories?post=509209"},{"taxonomy":"post_tag","embeddable":true,"href":"http:\/\/desarrollo.grupomedios.com\/futbol\/wp-json\/wp\/v2\/tags?post=509209"}],"curies":[{"name":"wp","href":"https:\/\/api.w.org\/{rel}","templated":true}]}}