{"id":509210,"date":"2017-11-13T13:06:14","date_gmt":"2017-11-13T19:06:14","guid":{"rendered":"https:\/\/www.futboltotal.com.mx\/?p=509210"},"modified":"2017-11-13T13:06:14","modified_gmt":"2017-11-13T19:06:14","slug":"keylor-navas-jugaria-contra-atletico-madrid","status":"publish","type":"post","link":"http:\/\/desarrollo.grupomedios.com\/futbol\/futbol-internacional\/keylor-navas-jugaria-contra-atletico-madrid\/2017\/11","title":{"rendered":"Keylor Navas no jugar\u00eda contra el Atl\u00e9tico de Madrid"},"content":{"rendered":"<p>El <strong>Real Madrid<\/strong>, con <strong>Keylor Navas<\/strong> y <strong>Mateo Kovacic<\/strong> al margen del resto de sus compa\u00f1eros, regres\u00f3 este lunes a los entrenamientos para preparar el <strong>derbi<\/strong> ante el <strong>Atl\u00e9tico de Madrid<\/strong> que se disputar\u00e1 el pr\u00f3ximo s\u00e1bado en el <strong>estadio Wanda Metropolitano<\/strong>.<\/p>\n<p>Tanto el portero costarricense como el centrocampista croata, siguen recuper\u00e1ndose de sus lesiones y, a falta de cinco d\u00edas para el choque frente al conjunto rojiblanco, no estuvieron disponibles para el t\u00e9cnico <strong>Zinedine Zidane<\/strong>.<\/p>\n<p>Su presencia en el primer derbi que acoger\u00e1 el Wanda Metropolitano es dudosa, pero Zidane puede recuperar alg\u00fan efectivo como<strong> Dani Carvajal<\/strong>, que hoy trabaj\u00f3 con normalidad junto a los pocos jugadores del primer equipo que estuvieron a las \u00f3rdenes del entrenador franc\u00e9s.<\/p>\n<p style=\"text-align: center;\"><span style=\"color: #3366ff;\"><a href=\"https:\/\/www.futboltotal.com.mx\/futbol-internacional\/liga-de-espana\/juventus-quiere-fichar-a-jose-maria-gimenez-del-atletico-madrid\/2017\/11\">VER M\u00c1S: Juventus quiere fichar a Jos\u00e9 Mar\u00eda Gim\u00e9nez del Atl\u00e9tico de Madrid<\/a><\/span><\/p>\n<p>https:\/\/twitter.com\/realmadrid\/status\/930145582932471808<\/p>\n<p>La ausencia de casi toda la plantilla por los compromisos internacionales condicion\u00f3 la vuelta al trabajo del cuadro madridista, que, aparte de Carvajal, s\u00f3lo cont\u00f3 con otros cinco futbolistas de la primera plantilla: con<strong> Kiko Casilla, Theo Hern\u00e1ndez, Marcos Llorente, Lucas V\u00e1zquez y Karim Benzema<\/strong><\/p>\n<p><strong>Cristiano Ronaldo<\/strong> trabaj\u00f3 en el interior de las instalaciones de la <strong>Ciudad Deportiva de Valdebebas<\/strong>, mientras que <strong>Isco Alarc\u00f3n<\/strong> se ausent\u00f3 del entrenamiento con permiso del club para tener un d\u00eda libre.<\/p>\n<p><strong>Gareth Bale<\/strong> tampoco se entren\u00f3 junto al resto de sus compa\u00f1eros. El jugador gal\u00e9s afronta la recuperaci\u00f3n de su nueva lesi\u00f3n, una rotura de fibras que le impedir\u00e1 estar listo para el choque ante el Atl\u00e9tico de Madrid.<\/p>\n<p>Zidane cont\u00f3 con varios jugadores del filial para completar el entrenamiento: Tejero, Manu Hernando, Dani G\u00f3mez, Cristo, Quezada, Franchu Feuillassier, Jaume, \u00d3scar y Fidalgo, del Real Madrid Castilla, y Moha, del Juvenil A. EFE<\/p>\n","protected":false},"excerpt":{"rendered":"<p>El arquero tico aun no se recupera de una lesi\u00f3n.<\/p>\n","protected":false},"author":129,"featured_media":505699,"comment_status":"closed","ping_status":"closed","sticky":false,"template":"","format":"standard","meta":[],"categories":[3839,3844],"tags":[6007,6013,5590,5988,2215],"_links":{"self":[{"href":"http:\/\/desarrollo.grupomedios.com\/futbol\/wp-json\/wp\/v2\/posts\/509210"}],"collection":[{"href":"http:\/\/desarrollo.grupomedios.com\/futbol\/wp-json\/wp\/v2\/posts"}],"about":[{"href":"http:\/\/desarrollo.grupomedios.com\/futbol\/wp-json\/wp\/v2\/types\/post"}],"author":[{"embeddable":true,"href":"http:\/\/desarrollo.grupomedios.com\/futbol\/wp-json\/wp\/v2\/users\/129"}],"replies":[{"embeddable":true,"href":"http:\/\/desarrollo.grupomedios.com\/futbol\/wp-json\/wp\/v2\/comments?post=509210"}],"version-history":[{"count":1,"href":"http:\/\/desarrollo.grupomedios.com\/futbol\/wp-json\/wp\/v2\/posts\/509210\/revisions"}],"predecessor-version":[{"id":509212,"href":"http:\/\/desarrollo.grupomedios.com\/futbol\/wp-json\/wp\/v2\/posts\/509210\/revisions\/509212"}],"wp:featuredmedia":[{"embeddable":true,"href":"http:\/\/desarrollo.grupomedios.com\/futbol\/wp-json\/wp\/v2\/media\/505699"}],"wp:attachment":[{"href":"http:\/\/desarrollo.grupomedios.com\/futbol\/wp-json\/wp\/v2\/media?parent=509210"}],"wp:term":[{"taxonomy":"category","embeddable":true,"href":"http:\/\/desarrollo.grupomedios.com\/futbol\/wp-json\/wp\/v2\/categories?post=509210"},{"taxonomy":"post_tag","embeddable":true,"href":"http:\/\/desarrollo.grupomedios.com\/futbol\/wp-json\/wp\/v2\/tags?post=509210"}],"curies":[{"name":"wp","href":"https:\/\/api.w.org\/{rel}","templated":true}]}}