{"id":509215,"date":"2017-11-13T14:11:51","date_gmt":"2017-11-13T20:11:51","guid":{"rendered":"https:\/\/www.futboltotal.com.mx\/?p=509215"},"modified":"2017-11-13T14:11:51","modified_gmt":"2017-11-13T20:11:51","slug":"listos-los-horarios-del-ascenso-mx-cuartos-final","status":"publish","type":"post","link":"http:\/\/desarrollo.grupomedios.com\/futbol\/futbol-mexicano\/listos-los-horarios-del-ascenso-mx-cuartos-final\/2017\/11","title":{"rendered":"Listos los horarios del Ascenso MX para cuartos de final"},"content":{"rendered":"<p>Luego de que concluyera la fase regular del <strong>Ascenso MX<\/strong> en su torneo <strong>Apertura 2017<\/strong>, se han dado a conocer los horarios en que se jugar\u00e1n los <strong>cuartos de final<\/strong> de la <strong>Liguilla<\/strong>.<\/p>\n<p>La acci\u00f3n comenzar\u00e1 con los duelos de ida el mi\u00e9rcoles 15 de noviembre con el duelo entre <strong>Venados de M\u00e9rida<\/strong> y <strong>FC Ju\u00e1rez<\/strong>, que disputar\u00e1n la ida en el <strong>estadio Carlos Iturralde<\/strong> en punto de las 19:30 horas, mientras que a las 21:30 horas correcaminos recibe al l\u00edder <strong>Celaya<\/strong> en el campo del <strong>Marte R. G\u00f3mez<\/strong>.<\/p>\n<p style=\"text-align: center;\"><a href=\"https:\/\/www.futboltotal.com.mx\/futbol-mexicano\/liga-mx\/pachuca-ya-tiene-tres-candidatos-para-suplir-a-diego-alonso\/2017\/11\" target=\"_blank\" rel=\"noopener\"><span style=\"color: #333399;\">VER M\u00c1S: Pachuca ya tiene candidatos para el sustituto de Diego Alonso<\/span><\/a><\/p>\n<p>El jueves 16 siguen los duelos de ida con el <strong>Alebrijes<\/strong> vs <strong>Zacatepec<\/strong> que se jugar\u00e1 en el <strong>estadio Tecnol\u00f3gico de Oaxaca<\/strong> a las 19:30 horas y el segundo partido del d\u00eda tendr\u00e1 a <strong>Mineros de Zacatecas<\/strong> y a la <strong>Jaiba Brava<\/strong> enfrent\u00e1ndose a las 21:30 horas en el estadio <strong>Francisco Villa<\/strong>.<\/p>\n<p>Los encuentros de vuelta dan inicio el s\u00e1bado 18 de noviembre con Celaya recibiendo a Correcaminos a las 19:00 horas en el <strong>estadio Miguel Alem\u00e1n<\/strong>, para que dos horas m\u00e1s tarde FC Ju\u00e1rez y Venados definan su eliminatoria en el <strong>estadio ol\u00edmpico Benito Ju\u00e1rez<\/strong>.<\/p>\n<p>Ya el domingo 19 Zacatepec y Alebrijes juegan en el <strong>estadio &#8216;Coruco&#8217; D\u00edaz<\/strong> a las 16:00 horas y hasta las 20:00 horas el <strong>estadio Tamaulipas<\/strong> recibir\u00e1 el segundo partido entre la Jaiba Brava del Tampico Madero y Mineros.<\/p>\n<p>Estos ochos equipos se juegan el t\u00edtulo del Apertura 2017, que significar\u00e1 medio boleto para alcanzar un lugar en la Liga MX.<\/p>\n","protected":false},"excerpt":{"rendered":"<p>As\u00ed iniciar\u00e1n los duelos de la Liguilla en busca de medio boleto para ascender.<\/p>\n","protected":false},"author":154,"featured_media":509216,"comment_status":"closed","ping_status":"closed","sticky":false,"template":"","format":"standard","meta":[],"categories":[3843,2198],"tags":[3819,8357,432,2502,482,6558,9331,1046,5853,9227,1588],"_links":{"self":[{"href":"http:\/\/desarrollo.grupomedios.com\/futbol\/wp-json\/wp\/v2\/posts\/509215"}],"collection":[{"href":"http:\/\/desarrollo.grupomedios.com\/futbol\/wp-json\/wp\/v2\/posts"}],"about":[{"href":"http:\/\/desarrollo.grupomedios.com\/futbol\/wp-json\/wp\/v2\/types\/post"}],"author":[{"embeddable":true,"href":"http:\/\/desarrollo.grupomedios.com\/futbol\/wp-json\/wp\/v2\/users\/154"}],"replies":[{"embeddable":true,"href":"http:\/\/desarrollo.grupomedios.com\/futbol\/wp-json\/wp\/v2\/comments?post=509215"}],"version-history":[{"count":1,"href":"http:\/\/desarrollo.grupomedios.com\/futbol\/wp-json\/wp\/v2\/posts\/509215\/revisions"}],"predecessor-version":[{"id":509217,"href":"http:\/\/desarrollo.grupomedios.com\/futbol\/wp-json\/wp\/v2\/posts\/509215\/revisions\/509217"}],"wp:featuredmedia":[{"embeddable":true,"href":"http:\/\/desarrollo.grupomedios.com\/futbol\/wp-json\/wp\/v2\/media\/509216"}],"wp:attachment":[{"href":"http:\/\/desarrollo.grupomedios.com\/futbol\/wp-json\/wp\/v2\/media?parent=509215"}],"wp:term":[{"taxonomy":"category","embeddable":true,"href":"http:\/\/desarrollo.grupomedios.com\/futbol\/wp-json\/wp\/v2\/categories?post=509215"},{"taxonomy":"post_tag","embeddable":true,"href":"http:\/\/desarrollo.grupomedios.com\/futbol\/wp-json\/wp\/v2\/tags?post=509215"}],"curies":[{"name":"wp","href":"https:\/\/api.w.org\/{rel}","templated":true}]}}