{"id":509226,"date":"2017-11-13T15:59:23","date_gmt":"2017-11-13T21:59:23","guid":{"rendered":"https:\/\/www.futboltotal.com.mx\/?p=509226"},"modified":"2017-11-13T16:54:20","modified_gmt":"2017-11-13T22:54:20","slug":"polonia-0-1-mexico-partido-amistoso-2017-resumen","status":"publish","type":"post","link":"http:\/\/desarrollo.grupomedios.com\/futbol\/destacado-home\/polonia-0-1-mexico-partido-amistoso-2017-resumen\/2017\/11","title":{"rendered":"M\u00e9xico cierra gira europea con triunfo sobre Polonia"},"content":{"rendered":"<p>Con un gol de <strong>Ra\u00fal Jim\u00e9nez<\/strong>, la <strong>Selecci\u00f3n Mexicana<\/strong> termin\u00f3 su gira por Europa durante la <strong>Fecha FIFA<\/strong> con una victoria de 1-o sobre <strong>Polonia<\/strong> en partido disputado en la cancha del <strong>Arena Gdansk<\/strong>.<\/p>\n<p>Desde el inicio del partido el equipo de<strong> Juan Carlos Osorio<\/strong> tom\u00f3 la posesi\u00f3n de la pelota y busc\u00f3 generar peligro con Jim\u00e9nez, que remat\u00f3 un centro de <strong>Miguel Lay\u00fan<\/strong> pero fue bien detenido por el arquero\u00a0<strong>Wojciech Szcz\u0119sny<\/strong>.<\/p>\n<p>Fue al minuto 12&#8242; cuando <strong>M\u00e9xico<\/strong> se fue adelante con el gol del atacante del <strong>Benfica<\/strong>. Tras un pase fallido de Javier Aquino, el bal\u00f3n le cay\u00f3 a Ra\u00fal y \u00e9ste prendi\u00f3 el bal\u00f3n fusilando al arquero polaco.<\/p>\n<p style=\"text-align: center;\"><span style=\"color: #3366ff;\"><a href=\"https:\/\/www.futboltotal.com.mx\/futbol-internacional\/batistuta-admite-dolor-messi-quitarle-record-goles-en-argentina\/2017\/11\">VER M\u00c1S: Batistuta admite \u201cdolor\u201d con Messi por quitarle r\u00e9cord de goles en Argentina<\/a><\/span><\/p>\n<blockquote class=\"twitter-video\" data-lang=\"es\">\n<p dir=\"ltr\" lang=\"es\">\u00a1G\u26bd\ufe0f\u26bd\ufe0f\u26bd\ufe0fL <a href=\"https:\/\/twitter.com\/CocaColaMx?ref_src=twsrc%5Etfw\">@CocaColaMx<\/a>! <a href=\"https:\/\/twitter.com\/Raul_Jimenez9?ref_src=twsrc%5Etfw\">@Raul_Jimenez9<\/a> aprovecha un rebote en el \u00e1rea y revienta la red polaca.<a href=\"https:\/\/twitter.com\/hashtag\/SoyM%C3%A9xico?src=hash&amp;ref_src=twsrc%5Etfw\">#SoyM\u00e9xico<\/a> <a href=\"https:\/\/t.co\/2eOYDEKfUs\">pic.twitter.com\/2eOYDEKfUs<\/a><\/p>\n<p>\u2014 Selecci\u00f3n Nacional (@miseleccionmx) <a href=\"https:\/\/twitter.com\/miseleccionmx\/status\/930164397783134208?ref_src=twsrc%5Etfw\">13 de noviembre de 2017<\/a><\/p><\/blockquote>\n<p><script async src=\"https:\/\/platform.twitter.com\/widgets.js\" charset=\"utf-8\"><\/script><\/p>\n","protected":false},"excerpt":{"rendered":"<p>Con un gol de Ra\u00fal Jim\u00e9nez, la Selecci\u00f3n Mexicana termin\u00f3 su gira por Europa durante la Fecha FIFA con una victoria de 1-o sobre Polonia en partido disputado en la cancha del Arena Gdansk. Desde el inicio del partido el equipo de Juan Carlos Osorio tom\u00f3 la posesi\u00f3n de la pelota y busc\u00f3 generar peligro [&hellip;]<\/p>\n","protected":false},"author":129,"featured_media":509228,"comment_status":"closed","ping_status":"closed","sticky":false,"template":"","format":"standard","meta":[],"categories":[5,2198,3847],"tags":[2763,65,4165,1296,742],"_links":{"self":[{"href":"http:\/\/desarrollo.grupomedios.com\/futbol\/wp-json\/wp\/v2\/posts\/509226"}],"collection":[{"href":"http:\/\/desarrollo.grupomedios.com\/futbol\/wp-json\/wp\/v2\/posts"}],"about":[{"href":"http:\/\/desarrollo.grupomedios.com\/futbol\/wp-json\/wp\/v2\/types\/post"}],"author":[{"embeddable":true,"href":"http:\/\/desarrollo.grupomedios.com\/futbol\/wp-json\/wp\/v2\/users\/129"}],"replies":[{"embeddable":true,"href":"http:\/\/desarrollo.grupomedios.com\/futbol\/wp-json\/wp\/v2\/comments?post=509226"}],"version-history":[{"count":1,"href":"http:\/\/desarrollo.grupomedios.com\/futbol\/wp-json\/wp\/v2\/posts\/509226\/revisions"}],"predecessor-version":[{"id":509229,"href":"http:\/\/desarrollo.grupomedios.com\/futbol\/wp-json\/wp\/v2\/posts\/509226\/revisions\/509229"}],"wp:featuredmedia":[{"embeddable":true,"href":"http:\/\/desarrollo.grupomedios.com\/futbol\/wp-json\/wp\/v2\/media\/509228"}],"wp:attachment":[{"href":"http:\/\/desarrollo.grupomedios.com\/futbol\/wp-json\/wp\/v2\/media?parent=509226"}],"wp:term":[{"taxonomy":"category","embeddable":true,"href":"http:\/\/desarrollo.grupomedios.com\/futbol\/wp-json\/wp\/v2\/categories?post=509226"},{"taxonomy":"post_tag","embeddable":true,"href":"http:\/\/desarrollo.grupomedios.com\/futbol\/wp-json\/wp\/v2\/tags?post=509226"}],"curies":[{"name":"wp","href":"https:\/\/api.w.org\/{rel}","templated":true}]}}