{"id":509233,"date":"2017-11-13T16:09:50","date_gmt":"2017-11-13T22:09:50","guid":{"rendered":"https:\/\/www.futboltotal.com.mx\/?p=509233"},"modified":"2017-11-13T16:09:50","modified_gmt":"2017-11-13T22:09:50","slug":"leon-pone-a-elias-hernandez-intransferible","status":"publish","type":"post","link":"http:\/\/desarrollo.grupomedios.com\/futbol\/futbol-mexicano\/leon-pone-a-elias-hernandez-intransferible\/2017\/11","title":{"rendered":"Le\u00f3n pone a El\u00edas Hern\u00e1ndez intransferible"},"content":{"rendered":"<p>Luego de la excelente temporada que ha tenido en el <strong>Apertura 2017<\/strong>, el <strong>Le\u00f3n<\/strong> ha puesto intransferible al mediocampista <strong>El\u00edas Hern\u00e1ndez<\/strong> y tambi\u00e9n anunci\u00f3 su renovaci\u00f3n.<\/p>\n<p>En las \u00faltimas semanas, El\u00edas ha estado en boca de todos debido a que no fue convocado por <strong>Juan Carlos Osorio<\/strong> para la gira de la<strong> Selecci\u00f3n Mexicana<\/strong> en Europa luego del nivel mostrado con los <em>Panzas Verdes.<\/em><\/p>\n<p style=\"text-align: center;\"><span style=\"color: #3366ff;\"><a href=\"https:\/\/www.futboltotal.com.mx\/futbol-mexicano\/liga-mx\/pachuca-ya-tiene-tres-candidatos-para-suplir-a-diego-alonso\/2017\/11\">VER M\u00c1S: Pachuca ya tiene tres candidatos para suplir a Diego Alonso<\/a><\/span><\/p>\n<p>Es por ello que ante las posibles intenciones de algunos clubes de la <strong>Liga MX<\/strong> por llevarse al <em>Patrullero<\/em>, el Presidente <em>Esmeralda<\/em>, <strong>Jes\u00fas Mart\u00ednez Le\u00f3n<\/strong>, anunci\u00f3 que estar\u00e1 tres a\u00f1os m\u00e1s con Le\u00f3n.<\/p>\n<p>&#8220;El\u00edas Hern\u00e1ndez es intransferible, para tranquilidad de la afici\u00f3n, puedo decirles que ya hab\u00edamos renovado su v\u00ednculo con el club por 3 a\u00f1os m\u00e1s&#8221;, coment\u00f3 Mart\u00ednez Le\u00f3n.<\/p>\n<p style=\"text-align: center;\"><span style=\"color: #3366ff;\"><a href=\"https:\/\/www.futboltotal.com.mx\/futbol-mexicano\/liga-mx\/orbelin-pineda-con-chivas-tuve-nivel-mas-bajo-mi-carrera\/2017\/11\">VER M\u00c1S: Orbel\u00edn Pineda: \u201cCon Chivas tuve el nivel m\u00e1s bajo de mi carrera\u201d<\/a><\/span><\/p>\n<p>https:\/\/twitter.com\/clubleonfc\/status\/930184647023132677<\/p>\n","protected":false},"excerpt":{"rendered":"<p>El club anunci\u00f3 la renovaci\u00f3n del Patrullero.<\/p>\n","protected":false},"author":129,"featured_media":509237,"comment_status":"closed","ping_status":"closed","sticky":false,"template":"","format":"standard","meta":[],"categories":[2198,3845],"tags":[8357,332,5965,64,65],"_links":{"self":[{"href":"http:\/\/desarrollo.grupomedios.com\/futbol\/wp-json\/wp\/v2\/posts\/509233"}],"collection":[{"href":"http:\/\/desarrollo.grupomedios.com\/futbol\/wp-json\/wp\/v2\/posts"}],"about":[{"href":"http:\/\/desarrollo.grupomedios.com\/futbol\/wp-json\/wp\/v2\/types\/post"}],"author":[{"embeddable":true,"href":"http:\/\/desarrollo.grupomedios.com\/futbol\/wp-json\/wp\/v2\/users\/129"}],"replies":[{"embeddable":true,"href":"http:\/\/desarrollo.grupomedios.com\/futbol\/wp-json\/wp\/v2\/comments?post=509233"}],"version-history":[{"count":1,"href":"http:\/\/desarrollo.grupomedios.com\/futbol\/wp-json\/wp\/v2\/posts\/509233\/revisions"}],"predecessor-version":[{"id":509238,"href":"http:\/\/desarrollo.grupomedios.com\/futbol\/wp-json\/wp\/v2\/posts\/509233\/revisions\/509238"}],"wp:featuredmedia":[{"embeddable":true,"href":"http:\/\/desarrollo.grupomedios.com\/futbol\/wp-json\/wp\/v2\/media\/509237"}],"wp:attachment":[{"href":"http:\/\/desarrollo.grupomedios.com\/futbol\/wp-json\/wp\/v2\/media?parent=509233"}],"wp:term":[{"taxonomy":"category","embeddable":true,"href":"http:\/\/desarrollo.grupomedios.com\/futbol\/wp-json\/wp\/v2\/categories?post=509233"},{"taxonomy":"post_tag","embeddable":true,"href":"http:\/\/desarrollo.grupomedios.com\/futbol\/wp-json\/wp\/v2\/tags?post=509233"}],"curies":[{"name":"wp","href":"https:\/\/api.w.org\/{rel}","templated":true}]}}