{"id":509299,"date":"2017-11-14T10:06:03","date_gmt":"2017-11-14T16:06:03","guid":{"rendered":"https:\/\/www.futboltotal.com.mx\/?p=509299"},"modified":"2017-11-14T10:13:23","modified_gmt":"2017-11-14T16:13:23","slug":"jonathan-dos-santos-me-encantaria-jugar-en-america-el-mejor","status":"publish","type":"post","link":"http:\/\/desarrollo.grupomedios.com\/futbol\/destacado-home\/jonathan-dos-santos-me-encantaria-jugar-en-america-el-mejor\/2017\/11","title":{"rendered":"Jonathan Dos Santos: &#8220;Me encantar\u00eda jugar en Am\u00e9rica, el mejor&#8221;"},"content":{"rendered":"<p><strong>POR: STAFF FT<\/strong><\/p>\n<p>El mediocampista mexicano <strong>Jonathan Dos Santos<\/strong> no tiene problema en manifestar su predilecci\u00f3n por un equipo en particular de la Liga MX, <a href=\"https:\/\/www.futboltotal.com.mx\/futbol-mexicano\/liga-mx\/america-tenia-acuerdo-jonathan-dos-santos-prefirio-la-mls\/2017\/07\" target=\"_blank\" rel=\"noopener\"><span style=\"color: #333399;\">el <strong>Am\u00e9rica<\/strong><\/span><\/a>, club en el que jug\u00f3 <a href=\"https:\/\/www.futboltotal.com.mx\/futbol-mexicano\/padre-giovani-jonathan-dos-santos-quiere-ver-a-sus-hijos-en-america\/2017\/07\" target=\"_blank\" rel=\"noopener\"><span style=\"color: #333399;\">su padre, Zizinho<\/span><\/a>, y al que estuvo cerca de llegar antes de <a href=\"https:\/\/www.futboltotal.com.mx\/futbol-mexicano\/jona-dos-santos-revela-eligio-al-galaxy-a-america\/2017\/08\" target=\"_blank\" rel=\"noopener\"><span style=\"color: #333399;\">su fichaje con el <strong>LA Galaxy<\/strong><\/span><\/a> de la <strong>MLS<\/strong>, pero no por ello cierra la puerta para llegar con las <em><strong>\u00c1guilas<\/strong><\/em> en un futuro.<\/p>\n<p>El hermano de <strong>Giovani Dos Santos<\/strong> aclar\u00f3 por qu\u00e9 no pudo cerrar un acuerdo con los americanistas, aunque insiste en que le encantar\u00eda vestirse de azulcrema en un futuro.<\/p>\n<p style=\"text-align: center;\"><a href=\"https:\/\/www.futboltotal.com.mx\/futbol-mexicano\/liga-mx\/miguel-samudio-en-la-mira-cruz-azul\/2017\/11\" target=\"_blank\" rel=\"noopener\"><span style=\"color: #333399;\">VER M\u00c1S: Miguel Samudio est\u00e1 en la mira del Cruz Azul<\/span><\/a><\/p>\n<p>&#8220;No, no se dio (un acuerdo con las \u00c1guilas). Siempre lo he dicho: para m\u00ed, Am\u00e9rica es el mejor equipo de M\u00e9xico. <a href=\"https:\/\/www.futboltotal.com.mx\/futbol-mexicano\/jonathan-dos-santos-coquetea-america\/2017\/01\" target=\"_blank\" rel=\"noopener\"><span style=\"color: #333399;\">Me encantar\u00eda jugar en el Am\u00e9rica<\/span><\/a>, pero, al final, ya ten\u00eda conversaciones con LA Galaxy desde hace 2 a\u00f1os, desde que mi hermano se fue.<\/p>\n<p>&#8220;No se hab\u00eda podido dar por diferentes circunstancias: estaba en Europa, estaba muy bien, estaba en gran momento. Y, bueno, al final no se pudo dar, pero estoy agradecido por el inter\u00e9s que mostr\u00f3 el Am\u00e9rica sobre m\u00ed. En un futuro puedo estar en el Am\u00e9rica, que me encantar\u00eda, sinceramente&#8221;, declar\u00f3 en entrevista para Univision.<\/p>\n<p>&nbsp;<\/p>\n<blockquote class=\"twitter-video\" data-lang=\"es\">\n<p dir=\"ltr\" lang=\"es\"><a href=\"https:\/\/twitter.com\/jona2santos?ref_src=twsrc%5Etfw\">@jona2santos<\/a> \u201cPara m\u00ed, Am\u00e9rica es el mejor equipo de M\u00e9xico&#8230; me encantar\u00eda jugar en el Am\u00e9rica\u201d <a href=\"https:\/\/t.co\/SyXgNe4LBC\">pic.twitter.com\/SyXgNe4LBC<\/a><\/p>\n<p>\u2014 Alejandro Pe\u00f1a (@Daniel_Flores16) <a href=\"https:\/\/twitter.com\/Daniel_Flores16\/status\/930360518895738880?ref_src=twsrc%5Etfw\">14 de noviembre de 2017<\/a><\/p><\/blockquote>\n<p><script async src=\"https:\/\/platform.twitter.com\/widgets.js\" charset=\"utf-8\"><\/script><\/p>\n<p>Con 27 a\u00f1os de edad, Jonathan parece en el mejor momento de su carrera, lo que podr\u00eda alejarlo del Am\u00e9rica en un futuro inmediato, aunque no se deber\u00eda descartar que mientras la MLS est\u00e1 fuera de temporada el menor de los Dos Santos pudiera llegar a las \u00c1guilas como cedido por unos meses.<\/p>\n","protected":false},"excerpt":{"rendered":"<p>El menor de los Dos Santos le lanza un gui\u00f1o a las \u00c1guilas.<\/p>\n","protected":false},"author":154,"featured_media":509303,"comment_status":"closed","ping_status":"closed","sticky":false,"template":"","format":"standard","meta":[],"categories":[5,2198,3845],"tags":[1585,5959,5982,48,1098,195,8526],"_links":{"self":[{"href":"http:\/\/desarrollo.grupomedios.com\/futbol\/wp-json\/wp\/v2\/posts\/509299"}],"collection":[{"href":"http:\/\/desarrollo.grupomedios.com\/futbol\/wp-json\/wp\/v2\/posts"}],"about":[{"href":"http:\/\/desarrollo.grupomedios.com\/futbol\/wp-json\/wp\/v2\/types\/post"}],"author":[{"embeddable":true,"href":"http:\/\/desarrollo.grupomedios.com\/futbol\/wp-json\/wp\/v2\/users\/154"}],"replies":[{"embeddable":true,"href":"http:\/\/desarrollo.grupomedios.com\/futbol\/wp-json\/wp\/v2\/comments?post=509299"}],"version-history":[{"count":2,"href":"http:\/\/desarrollo.grupomedios.com\/futbol\/wp-json\/wp\/v2\/posts\/509299\/revisions"}],"predecessor-version":[{"id":509309,"href":"http:\/\/desarrollo.grupomedios.com\/futbol\/wp-json\/wp\/v2\/posts\/509299\/revisions\/509309"}],"wp:featuredmedia":[{"embeddable":true,"href":"http:\/\/desarrollo.grupomedios.com\/futbol\/wp-json\/wp\/v2\/media\/509303"}],"wp:attachment":[{"href":"http:\/\/desarrollo.grupomedios.com\/futbol\/wp-json\/wp\/v2\/media?parent=509299"}],"wp:term":[{"taxonomy":"category","embeddable":true,"href":"http:\/\/desarrollo.grupomedios.com\/futbol\/wp-json\/wp\/v2\/categories?post=509299"},{"taxonomy":"post_tag","embeddable":true,"href":"http:\/\/desarrollo.grupomedios.com\/futbol\/wp-json\/wp\/v2\/tags?post=509299"}],"curies":[{"name":"wp","href":"https:\/\/api.w.org\/{rel}","templated":true}]}}