{"id":509302,"date":"2017-11-14T10:07:59","date_gmt":"2017-11-14T16:07:59","guid":{"rendered":"https:\/\/www.futboltotal.com.mx\/?p=509302"},"modified":"2017-11-14T20:17:20","modified_gmt":"2017-11-15T02:17:20","slug":"debe-aprender-mexico-gira-europa","status":"publish","type":"post","link":"http:\/\/desarrollo.grupomedios.com\/futbol\/destacado-home\/debe-aprender-mexico-gira-europa\/2017\/11","title":{"rendered":"\u00bfQu\u00e9 debe aprender M\u00e9xico de su gira por Europa?"},"content":{"rendered":"<p>La <strong>Selecci\u00f3n Mexicana<\/strong> culmin\u00f3 su mini gira en Europa ante dos combinados que est\u00e1n bien posicionadas en el <strong>ranking FIFA<\/strong> como lo es <strong>B\u00e9lgica y Polonia<\/strong>, ninguno de los dos duelos se perdieron, lo que nos hace pensar que fue una experiencia positiva para esos futbolistas que estar\u00e1n en la <strong>Copa del Mundo de Rusia 2018<\/strong>.<\/p>\n<p>Pero m\u00e1s all\u00e1 de los resultados; una victoria y un empate, el estratega colombiano,<strong> Juan Carlos Osorio<\/strong>,\u00a0 deber\u00e1 hacer una radiograf\u00eda m\u00e1s a fondo de lo que sucedi\u00f3 en ambos encuentros, los futbolistas que necesitan competencia en sus posiciones, aquellos a los que es necesario observar de cerca e identificar a qui\u00e9nes les est\u00e1 pesando la inactividad.<\/p>\n<p style=\"text-align: center;\"><a href=\"https:\/\/www.futboltotal.com.mx\/copa-mundial-de-futbol-2018\/noticias\/los-polemicos-penales-dejaron-a-italia-del-mundial\">VER M\u00c1S: Los pol\u00e9micos \u2018penales\u2019 que dejaron a Italia fuera del Mundial<\/a><\/p>\n<p>Aqu\u00ed algunas lecciones que <strong>M\u00e9xico<\/strong> debe aprender de su gira en el Viejo Continente:<\/p>\n<p><script type=\"text\/javascript\" src=\"\/\/cdn.playbuzz.com\/widget\/feed.js\"><\/script><\/p>\n<div class=\"pb_feed\" data-embed-by=\"d43f3879-83ed-40bc-99d7-fde80605466f\" data-item=\"c4e4b60d-aa43-4da5-b04c-9a1dcaebe750\" data-version=\"2\"><\/div>\n","protected":false},"excerpt":{"rendered":"<p>El Tri dej\u00f3 buenas sensaciones en Europa con miras a Rusia 2018<\/p>\n","protected":false},"author":159,"featured_media":509304,"comment_status":"closed","ping_status":"closed","sticky":false,"template":"","format":"standard","meta":[],"categories":[5,7570,2198,3845,3847],"tags":[599,65,1296,409],"_links":{"self":[{"href":"http:\/\/desarrollo.grupomedios.com\/futbol\/wp-json\/wp\/v2\/posts\/509302"}],"collection":[{"href":"http:\/\/desarrollo.grupomedios.com\/futbol\/wp-json\/wp\/v2\/posts"}],"about":[{"href":"http:\/\/desarrollo.grupomedios.com\/futbol\/wp-json\/wp\/v2\/types\/post"}],"author":[{"embeddable":true,"href":"http:\/\/desarrollo.grupomedios.com\/futbol\/wp-json\/wp\/v2\/users\/159"}],"replies":[{"embeddable":true,"href":"http:\/\/desarrollo.grupomedios.com\/futbol\/wp-json\/wp\/v2\/comments?post=509302"}],"version-history":[{"count":1,"href":"http:\/\/desarrollo.grupomedios.com\/futbol\/wp-json\/wp\/v2\/posts\/509302\/revisions"}],"predecessor-version":[{"id":509305,"href":"http:\/\/desarrollo.grupomedios.com\/futbol\/wp-json\/wp\/v2\/posts\/509302\/revisions\/509305"}],"wp:featuredmedia":[{"embeddable":true,"href":"http:\/\/desarrollo.grupomedios.com\/futbol\/wp-json\/wp\/v2\/media\/509304"}],"wp:attachment":[{"href":"http:\/\/desarrollo.grupomedios.com\/futbol\/wp-json\/wp\/v2\/media?parent=509302"}],"wp:term":[{"taxonomy":"category","embeddable":true,"href":"http:\/\/desarrollo.grupomedios.com\/futbol\/wp-json\/wp\/v2\/categories?post=509302"},{"taxonomy":"post_tag","embeddable":true,"href":"http:\/\/desarrollo.grupomedios.com\/futbol\/wp-json\/wp\/v2\/tags?post=509302"}],"curies":[{"name":"wp","href":"https:\/\/api.w.org\/{rel}","templated":true}]}}