{"id":509307,"date":"2017-11-14T09:38:24","date_gmt":"2017-11-14T15:38:24","guid":{"rendered":"https:\/\/www.futboltotal.com.mx\/?p=509307"},"modified":"2017-11-14T09:38:24","modified_gmt":"2017-11-14T15:38:24","slug":"brasileno-willian-jose-esta-dispuesto-a-jugar-espana","status":"publish","type":"post","link":"http:\/\/desarrollo.grupomedios.com\/futbol\/futbol-internacional\/brasileno-willian-jose-esta-dispuesto-a-jugar-espana\/2017\/11","title":{"rendered":"El brasile\u00f1o Willian Jos\u00e9 est\u00e1 dispuesto a jugar con Espa\u00f1a"},"content":{"rendered":"<div id=\"texto\" class=\"texto_txt\">\n<div class=\"DETALLE_N_texto \">\n<p><strong><span id=\"ctl14_lblMostra\">POR: EFE<\/span><\/strong><\/p>\n<p><span id=\"ctl14_lblMostra\"> El delantero brasile\u00f1o de la <strong>Real Sociedad<\/strong>, <strong>Willian Jos\u00e9<\/strong>, se ha mostrado dispuesto a jugar con la selecci\u00f3n de <strong>Espa\u00f1a<\/strong>, en lugar de la de su pa\u00eds, cuando obtenga la nacionalidad, tr\u00e1mite en el que se encuentra inmerso a meses de que se dispute el <strong><a href=\"https:\/\/www.futboltotal.com.mx\/copa-mundial-de-futbol-2018\" target=\"_blank\" rel=\"noopener\"><span style=\"color: #333399;\">Mundial Rusia 2018<\/span><\/a><\/strong>.<\/span><\/p>\n<p>Willian Jos\u00e9 ha afirmado, en una rueda de prensa, que cuando obtenga el pasaporte se pondr\u00e1 &#8220;a disposici\u00f3n&#8221; del seleccionador nacional espa\u00f1ol, <strong>Julen Lopetegui<\/strong>.<\/p>\n<p style=\"text-align: center;\"><a href=\"https:\/\/www.futboltotal.com.mx\/copa-mundial-de-futbol-2018\/noticias\/los-polemicos-penales-dejaron-a-italia-del-mundial\" target=\"_blank\" rel=\"noopener\"><span style=\"color: #333399;\">VER M\u00c1S: Los pol\u00e9micos penales que dejaron a Italia sin ir al Mundial<\/span><\/a><\/p>\n<p>En su opini\u00f3n, tiene m\u00e1s posibilidades de ser elegido por Espa\u00f1a que por Brasil, ya que, seg\u00fan ha indicado, la selecci\u00f3n de su pa\u00eds &#8220;est\u00e1 llamando a los mismos&#8221;, mientras que Lopetegui sigue a muchos jugadores y da m\u00e1s oportunidades.<\/p>\n<p>&nbsp;<\/p>\n<blockquote class=\"twitter-video\" data-lang=\"es\">\n<p dir=\"ltr\" lang=\"es\">&#x1f4f9;V\u00cdDEO | As\u00ed se ha ofrecido <a href=\"https:\/\/twitter.com\/willianjose19?ref_src=twsrc%5Etfw\">@willianjose19<\/a> para jugar con la <a href=\"https:\/\/twitter.com\/SeFutbol?ref_src=twsrc%5Etfw\">@SeFutbol<\/a> en cuanto obtenga la doble nacionalidad. <a href=\"https:\/\/twitter.com\/hashtag\/RealSociedad?src=hash&amp;ref_src=twsrc%5Etfw\">#RealSociedad<\/a>. <a href=\"https:\/\/t.co\/sU5C5eBWif\">pic.twitter.com\/sU5C5eBWif<\/a><\/p>\n<p>\u2014 SER Dept Gipuzkoa (@SerDeportivosGI) <a href=\"https:\/\/twitter.com\/SerDeportivosGI\/status\/930428599852781578?ref_src=twsrc%5Etfw\">14 de noviembre de 2017<\/a><\/p><\/blockquote>\n<p><script async src=\"https:\/\/platform.twitter.com\/widgets.js\" charset=\"utf-8\"><\/script><\/p>\n<p><span id=\"ctl14_lblMostra\">Aunque ha jugado en selecciones inferiores de Brasil, el delantero, que lleg\u00f3 a Espa\u00f1a para jugar en las cantera del <strong>Real Madrid<\/strong>, ha asegurado que &#8220;le encanta&#8221; el f\u00fatbol de la selecci\u00f3n espa\u00f1ola y estar\u00eda dispuesto a formar parte de ella si hace los m\u00e9ritos suficientes y los t\u00e9cnicos deciden seleccionarlo.<\/span><\/p>\n<div id=\"attachment_509311\" style=\"width: 1034px\" class=\"wp-caption aligncenter\"><img aria-describedby=\"caption-attachment-509311\" decoding=\"async\" loading=\"lazy\" class=\"size-large wp-image-509311\" src=\"https:\/\/www.futboltotal.com.mx\/wp-content\/uploads\/2017\/11\/brasileno-willian-jose-esta-dispuesto-a-jugar-espana-2-1024x576.jpg\" alt=\"El brasile\u00f1o Willian Jos\u00e9 est\u00e1 dispuesto a jugar con Espa\u00f1a\" srcset=\"http:\/\/desarrollo.grupomedios.com\/futbol\/wp-content\/uploads\/2017\/11\/brasileno-willian-jose-esta-dispuesto-a-jugar-espana-2-1024x576.jpg 1024w, http:\/\/desarrollo.grupomedios.com\/futbol\/wp-content\/uploads\/2017\/11\/brasileno-willian-jose-esta-dispuesto-a-jugar-espana-2-300x169.jpg 300w, http:\/\/desarrollo.grupomedios.com\/futbol\/wp-content\/uploads\/2017\/11\/brasileno-willian-jose-esta-dispuesto-a-jugar-espana-2-768x432.jpg 768w, http:\/\/desarrollo.grupomedios.com\/futbol\/wp-content\/uploads\/2017\/11\/brasileno-willian-jose-esta-dispuesto-a-jugar-espana-2-393x221.jpg 393w, http:\/\/desarrollo.grupomedios.com\/futbol\/wp-content\/uploads\/2017\/11\/brasileno-willian-jose-esta-dispuesto-a-jugar-espana-2.jpg 1136w\" sizes=\"(max-width: 1024px) 100vw, 1024px\" \/><p id=\"caption-attachment-509311\" class=\"wp-caption-text\">El brasile\u00f1o Willian Jos\u00e9 est\u00e1 dispuesto a jugar con Espa\u00f1a<\/p><\/div>\n<h4>SE ENFOCA EN LA REAL SOCIEDAD<\/h4>\n<p>El ariete brasile\u00f1o ha augurado, por otro lado, una gran temporada para la Real Sociedad en las tres competiciones que disputa, tras declararse esperanzado en &#8220;hacer historia con la camiseta de la Real Sociedad&#8221;.<\/p>\n<p>&#8220;Creo que estamos muy bien despu\u00e9s de empezar a tope ganando tres partidos seguidos. Tuvimos una racha de derrotas de la que ya hemos salido y ahora queremos ganar al Girona para estar arriba en la clasificaci\u00f3n&#8221;, ha dicho el futbolista de la Real.<\/p>\n<p>&nbsp;<\/p>\n<blockquote class=\"twitter-video\" data-lang=\"es\">\n<p dir=\"ltr\" lang=\"nl\"><a href=\"https:\/\/twitter.com\/hashtag\/Resultado?src=hash&amp;ref_src=twsrc%5Etfw\">#Resultado<\/a> | Vardar 0-6 <a href=\"https:\/\/twitter.com\/hashtag\/RealSociedad?src=hash&amp;ref_src=twsrc%5Etfw\">#RealSociedad<\/a><br \/>\nGol: Willian Jos\u00e9 (59&#8242;)<a href=\"https:\/\/twitter.com\/hashtag\/EuropaLeague?src=hash&amp;ref_src=twsrc%5Etfw\">#EuropaLeague<\/a> <a href=\"https:\/\/twitter.com\/hashtag\/UEL?src=hash&amp;ref_src=twsrc%5Etfw\">#UEL<\/a> <a href=\"https:\/\/t.co\/h5SN1lNzuV\">pic.twitter.com\/h5SN1lNzuV<\/a><\/p>\n<p>\u2014 Reisigand (@reisigand) <a href=\"https:\/\/twitter.com\/reisigand\/status\/921108584569692160?ref_src=twsrc%5Etfw\">19 de octubre de 2017<\/a><\/p><\/blockquote>\n<p><script async src=\"https:\/\/platform.twitter.com\/widgets.js\" charset=\"utf-8\"><\/script><\/p>\n<p>El ex jugador de la <strong>U.D. Las Palmas<\/strong>, que ha sido utilizado por <strong>Eusebio Sacrist\u00e1n<\/strong> en todos los partidos de liga, es el segundo m\u00e1ximo realizador del equipo tras Mikel Oyarzabal y conf\u00eda en poder brillar esta campa\u00f1a tanto como lo hizo en la anterior.<\/p>\n<p>El jugador realista meti\u00f3 12 goles y dio cuatro asistencias el a\u00f1o anterior y esta temporada, con casi un tercio de competici\u00f3n disputada, suma cuatro tantos y un pase de gol.<\/p>\n<\/div>\n<\/div>\n","protected":false},"excerpt":{"rendered":"<p>\u00bfEl delantero busca otra alternativa para ir al Mundial Rusia 2018?<\/p>\n","protected":false},"author":154,"featured_media":509310,"comment_status":"closed","ping_status":"closed","sticky":false,"template":"","format":"standard","meta":[],"categories":[3839],"tags":[6009,253,4465,5829,5988,102,11171],"_links":{"self":[{"href":"http:\/\/desarrollo.grupomedios.com\/futbol\/wp-json\/wp\/v2\/posts\/509307"}],"collection":[{"href":"http:\/\/desarrollo.grupomedios.com\/futbol\/wp-json\/wp\/v2\/posts"}],"about":[{"href":"http:\/\/desarrollo.grupomedios.com\/futbol\/wp-json\/wp\/v2\/types\/post"}],"author":[{"embeddable":true,"href":"http:\/\/desarrollo.grupomedios.com\/futbol\/wp-json\/wp\/v2\/users\/154"}],"replies":[{"embeddable":true,"href":"http:\/\/desarrollo.grupomedios.com\/futbol\/wp-json\/wp\/v2\/comments?post=509307"}],"version-history":[{"count":1,"href":"http:\/\/desarrollo.grupomedios.com\/futbol\/wp-json\/wp\/v2\/posts\/509307\/revisions"}],"predecessor-version":[{"id":509312,"href":"http:\/\/desarrollo.grupomedios.com\/futbol\/wp-json\/wp\/v2\/posts\/509307\/revisions\/509312"}],"wp:featuredmedia":[{"embeddable":true,"href":"http:\/\/desarrollo.grupomedios.com\/futbol\/wp-json\/wp\/v2\/media\/509310"}],"wp:attachment":[{"href":"http:\/\/desarrollo.grupomedios.com\/futbol\/wp-json\/wp\/v2\/media?parent=509307"}],"wp:term":[{"taxonomy":"category","embeddable":true,"href":"http:\/\/desarrollo.grupomedios.com\/futbol\/wp-json\/wp\/v2\/categories?post=509307"},{"taxonomy":"post_tag","embeddable":true,"href":"http:\/\/desarrollo.grupomedios.com\/futbol\/wp-json\/wp\/v2\/tags?post=509307"}],"curies":[{"name":"wp","href":"https:\/\/api.w.org\/{rel}","templated":true}]}}