{"id":509308,"date":"2017-11-14T09:44:11","date_gmt":"2017-11-14T15:44:11","guid":{"rendered":"https:\/\/www.futboltotal.com.mx\/?p=509308"},"modified":"2017-11-14T09:44:11","modified_gmt":"2017-11-14T15:44:11","slug":"cristiano-ronaldo-desea-salir-del-real-madrid-en-junio","status":"publish","type":"post","link":"http:\/\/desarrollo.grupomedios.com\/futbol\/futbol-internacional\/cristiano-ronaldo-desea-salir-del-real-madrid-en-junio\/2017\/11","title":{"rendered":"Cristiano Ronaldo desea salir del Real Madrid en Junio"},"content":{"rendered":"<p><strong>POR: STAFF FT<\/strong><\/p>\n<p>Todo parece indicar que <strong>Cristiano Ronaldo<\/strong> ya no se encuentra a gusto en el Real Madrid, de acuerdo con el periodista del programa El Chiringuito, Edu Aguirre, quien expres\u00f3 que el astro portugu\u00e9s &#8220;<strong>quiere irse del Real Madrid<\/strong> la pr\u00f3xima temporada y <strong>el club ya lo sabe<\/strong>. A d\u00eda de hoy es su pensamiento, porque su enfado es tremendo. Ya le ha pedido a Florentino que facilite su salida el <strong>30 de junio<\/strong>, pero el presidente ya le ha dicho que no le va a dejar salir<i>&#8220;<\/i>, asegur\u00f3 en el programa.<\/p>\n<p>El lusitano estar\u00eda molesto debido a la oferta de renovaci\u00f3n que le tendieron, la cual ha comenzado con un <strong>cero aumento salarial<\/strong>, pues podr\u00eda causar revuelo en el vestuario de los blancos y otros futbolistas del club podr\u00edan exigir de igual forma que se les diera m\u00e1s dinero para impedir una posible fuga.<\/p>\n<p style=\"text-align: center;\"><a href=\"https:\/\/www.futboltotal.com.mx\/copa-mundial-de-futbol-2018\/noticias\/los-polemicos-penales-dejaron-a-italia-del-mundial\">VER M\u00c1S: Los pol\u00e9micos \u2018penales\u2019 que dejaron a Italia fuera del Mundial<\/a><\/p>\n<p><strong><\/strong><\/p>\n<p>&#8220;Cristiano recibi\u00f3 una oferta de renovaci\u00f3n del club que no le agrad\u00f3 nada. Aunque no es una cuesti\u00f3n de dinero, Cristiano cree que es un gesto m\u00e1s de que no se le valora.<strong> Cristiano no se siente querido en el Real Madrid<\/strong> y no acepta la oferta y adem\u00e1s pide que le faciliten su salida el 30 de junio. Cristiano se siente querido por la afici\u00f3n, es madridista de coraz\u00f3n, pero cree que el club no le valora&#8221;, a\u00f1adi\u00f3.<\/p>\n<p>Por otro lado, a Ronaldo tampoco le ha agradado que se han manejado diversos nombres para ocupar su lugar en un futuro, pues considera que le queda mucho futbol en las piernas para que comiencen a pensar en su sustituto generacional: &#8220;a\u00a0Cristiano le pareci\u00f3 una falta de respeto que el Real Madrid tratase de <strong>fichar a Mbapp\u00e9<\/strong> y a otros jugadores con el objetivo de sustituirle. Cristiano lleva casi una d\u00e9cada dej\u00e1ndose la piel en el campo y no siente cari\u00f1o por parte del club, s\u00ed de la afici\u00f3n, pero no del club. Por eso <strong>quiere irse<\/strong>, pero el club, de momento, no le deja&#8221;, concluy\u00f3.<\/p>\n<p style=\"text-align: center;\"><a href=\"https:\/\/www.futboltotal.com.mx\/futbol-mexicano\/liga-mx\/jonathan-dos-santos-me-encantaria-jugar-en-america-el-mejor\/2017\/11\">VER M\u00c1S: Jonathan Dos Santos: \u201cMe encantar\u00eda jugar en Am\u00e9rica, el mejor\u201d<\/a><\/p>\n","protected":false},"excerpt":{"rendered":"<p>El portugu\u00e9s no se siente querido por el club<\/p>\n","protected":false},"author":159,"featured_media":509313,"comment_status":"closed","ping_status":"closed","sticky":false,"template":"","format":"standard","meta":[],"categories":[3839,3844],"tags":[6013,5988],"_links":{"self":[{"href":"http:\/\/desarrollo.grupomedios.com\/futbol\/wp-json\/wp\/v2\/posts\/509308"}],"collection":[{"href":"http:\/\/desarrollo.grupomedios.com\/futbol\/wp-json\/wp\/v2\/posts"}],"about":[{"href":"http:\/\/desarrollo.grupomedios.com\/futbol\/wp-json\/wp\/v2\/types\/post"}],"author":[{"embeddable":true,"href":"http:\/\/desarrollo.grupomedios.com\/futbol\/wp-json\/wp\/v2\/users\/159"}],"replies":[{"embeddable":true,"href":"http:\/\/desarrollo.grupomedios.com\/futbol\/wp-json\/wp\/v2\/comments?post=509308"}],"version-history":[{"count":1,"href":"http:\/\/desarrollo.grupomedios.com\/futbol\/wp-json\/wp\/v2\/posts\/509308\/revisions"}],"predecessor-version":[{"id":509314,"href":"http:\/\/desarrollo.grupomedios.com\/futbol\/wp-json\/wp\/v2\/posts\/509308\/revisions\/509314"}],"wp:featuredmedia":[{"embeddable":true,"href":"http:\/\/desarrollo.grupomedios.com\/futbol\/wp-json\/wp\/v2\/media\/509313"}],"wp:attachment":[{"href":"http:\/\/desarrollo.grupomedios.com\/futbol\/wp-json\/wp\/v2\/media?parent=509308"}],"wp:term":[{"taxonomy":"category","embeddable":true,"href":"http:\/\/desarrollo.grupomedios.com\/futbol\/wp-json\/wp\/v2\/categories?post=509308"},{"taxonomy":"post_tag","embeddable":true,"href":"http:\/\/desarrollo.grupomedios.com\/futbol\/wp-json\/wp\/v2\/tags?post=509308"}],"curies":[{"name":"wp","href":"https:\/\/api.w.org\/{rel}","templated":true}]}}