{"id":509316,"date":"2017-11-14T10:18:39","date_gmt":"2017-11-14T16:18:39","guid":{"rendered":"https:\/\/www.futboltotal.com.mx\/?p=509316"},"modified":"2017-11-14T10:19:51","modified_gmt":"2017-11-14T16:19:51","slug":"fc-barcelona-se-plantea-la-vuelta-thiago-alcantara","status":"publish","type":"post","link":"http:\/\/desarrollo.grupomedios.com\/futbol\/futbol-internacional\/fc-barcelona-se-plantea-la-vuelta-thiago-alcantara\/2017\/11","title":{"rendered":"FC Barcelona se plantea la vuelta de Thiago Alc\u00e1ntara"},"content":{"rendered":"<p><strong>POR: STAFF FT<\/strong><\/p>\n<p>Fue en el ya lejano 2013 que el <strong>Bayern Munich<\/strong> se hizo con el mediocampista espa\u00f1ol\u00a0<strong>Thiago Alc\u00e1ntara,\u00a0<\/strong>por cerca de <strong>23 millones de euros<\/strong> proveniente del <strong>FC Barcelona<\/strong>, esto se dio aprovechando una laguna que exist\u00eda dentro de la cl\u00e1usula del jugador, originalmente tasada en<strong> 90 millones de euros<\/strong> pero quedaba sin validez si el jugador no participaba en el<strong> 60% de los minutos<\/strong>, de ah\u00ed que su costo fuera menor.<\/p>\n<div class=\"line article-text\">\n<p>En los dos primeros a\u00f1os con el club, la realidad es que <strong>Thiago<\/strong> sufri\u00f3 de manera importante con las lesiones, pero desde 2016 se ha convertido en una de las piezas claves del equipo b\u00e1varo, hecho que lo ha llevado a ser uno de los constantes dentro de la <strong>Selecci\u00f3n de Espa\u00f1a<\/strong>. Esto habr\u00eda puesto en alerta a los blaugranas quienes ya estar\u00edan pensando en reclutarlo de nuevo.<\/p>\n<p style=\"text-align: center;\"><a href=\"https:\/\/www.futboltotal.com.mx\/futbol-mexicano\/liga-mx\/jonathan-dos-santos-me-encantaria-jugar-en-america-el-mejor\/2017\/11\">VER M\u00c1S: Jonathan Dos Santos: \u201cMe encantar\u00eda jugar en Am\u00e9rica, el mejor\u201d<\/a><\/p>\n<p>&#8220;El <strong>FC Barcelona<\/strong> ha puesto la directa para intentar recuperar a <strong>Thiago Alc\u00e1ntara<\/strong>. El problema es que <strong>Mazinho<\/strong> (su padre y agente), est\u00e1 muy cabreado por el trato que recibieron en su d\u00eda de la directiva azulgrana y eso est\u00e1 complicando las negociaciones, pero yo no descarto que vuelva a vestir de azulgrana\u00bb, indic\u00f3 el periodista Eduardo Inda en el programa\u00a0El Chiringuito.<\/p>\n<p>A pesar que el padre del propio Alc\u00e1ntara ser\u00eda el primero en oponerse a esto y por supuesto, el Bayern Munich, quien lo tiene como uno de sus futbolistas m\u00e1s importantes, lo cierto es que el futbolista siempre ha declarado su amor por el club cul\u00e9: &#8220;<strong>Barcelona siempre ser\u00e1 mi casa<\/strong>, y no solamente porque quiero al club, sino tambi\u00e9n a la ciudad, Siempre los mirar\u00e9 con cari\u00f1o. <strong>Nunca se sabe si volver\u00e9,<\/strong> porque estoy muy contento en el Bayern, pero el f\u00fatbol cambia mucho. Puede pasar de todo&#8221;, indic\u00f3.<\/p>\n<p style=\"text-align: center;\"><a href=\"https:\/\/www.futboltotal.com.mx\/futbol-internacional\/liga-de-espana\/cristiano-ronaldo-desea-salir-del-real-madrid-en-junio\/2017\/11\">VER M\u00c1S: Cristiano Ronaldo desea salir del Real Madrid en Junio<\/a><\/p>\n<\/div>\n<div class=\"line mts mbs\"><\/div>\n","protected":false},"excerpt":{"rendered":"<p>El hoy futbolista del Bayern Munich podr\u00eda regresar al club que lo vio nacer<\/p>\n","protected":false},"author":159,"featured_media":509319,"comment_status":"closed","ping_status":"closed","sticky":false,"template":"","format":"standard","meta":[],"categories":[7740,3839,3844],"tags":[2056,1083,1072],"_links":{"self":[{"href":"http:\/\/desarrollo.grupomedios.com\/futbol\/wp-json\/wp\/v2\/posts\/509316"}],"collection":[{"href":"http:\/\/desarrollo.grupomedios.com\/futbol\/wp-json\/wp\/v2\/posts"}],"about":[{"href":"http:\/\/desarrollo.grupomedios.com\/futbol\/wp-json\/wp\/v2\/types\/post"}],"author":[{"embeddable":true,"href":"http:\/\/desarrollo.grupomedios.com\/futbol\/wp-json\/wp\/v2\/users\/159"}],"replies":[{"embeddable":true,"href":"http:\/\/desarrollo.grupomedios.com\/futbol\/wp-json\/wp\/v2\/comments?post=509316"}],"version-history":[{"count":3,"href":"http:\/\/desarrollo.grupomedios.com\/futbol\/wp-json\/wp\/v2\/posts\/509316\/revisions"}],"predecessor-version":[{"id":509322,"href":"http:\/\/desarrollo.grupomedios.com\/futbol\/wp-json\/wp\/v2\/posts\/509316\/revisions\/509322"}],"wp:featuredmedia":[{"embeddable":true,"href":"http:\/\/desarrollo.grupomedios.com\/futbol\/wp-json\/wp\/v2\/media\/509319"}],"wp:attachment":[{"href":"http:\/\/desarrollo.grupomedios.com\/futbol\/wp-json\/wp\/v2\/media?parent=509316"}],"wp:term":[{"taxonomy":"category","embeddable":true,"href":"http:\/\/desarrollo.grupomedios.com\/futbol\/wp-json\/wp\/v2\/categories?post=509316"},{"taxonomy":"post_tag","embeddable":true,"href":"http:\/\/desarrollo.grupomedios.com\/futbol\/wp-json\/wp\/v2\/tags?post=509316"}],"curies":[{"name":"wp","href":"https:\/\/api.w.org\/{rel}","templated":true}]}}