{"id":509327,"date":"2017-11-14T10:46:06","date_gmt":"2017-11-14T16:46:06","guid":{"rendered":"https:\/\/www.futboltotal.com.mx\/?p=509327"},"modified":"2017-11-14T10:46:06","modified_gmt":"2017-11-14T16:46:06","slug":"mlb-volvera-a-mexico-dodgers-vs-padres","status":"publish","type":"post","link":"http:\/\/desarrollo.grupomedios.com\/futbol\/no-todo-es-futbol\/mlb-volvera-a-mexico-dodgers-vs-padres\/2017\/11","title":{"rendered":"MLB volver\u00e1 a M\u00e9xico con el Dodgers vs Padres"},"content":{"rendered":"<p><strong>Los Dodgers de Los \u00c1ngeles<\/strong>, campeones de la <strong>Liga Nacional<\/strong>, jugar\u00e1n como visitantes de los <strong>Padres de San Diego<\/strong> del 4 al 6 de mayo en Monterrey en tres partidos de la temporada 2018 de las <strong>Grandes Ligas de B\u00e9isbol.<\/strong><\/p>\n<p>La oficina de las <strong>Grandes Ligas<\/strong> en M\u00e9xico confirm\u00f3 hoy la celebraci\u00f3n de los encuentros que significar\u00e1n la tercera ocasi\u00f3n en que Monterrey, norte mexicano, es sede de duelos del calendario oficial de la &#8216;Gran carpa&#8217;.<\/p>\n<p style=\"text-align: center;\"><span style=\"color: #3366ff;\"><a href=\"https:\/\/www.futboltotal.com.mx\/futbol-mexicano\/liga-femenil\/definidos-los-horarios-la-final-la-liga-mx-femenil\/2017\/11\">VER M\u00c1S: Definidos los horarios de la Final de la Liga MX Femenil<\/a><\/span><\/p>\n<blockquote class=\"twitter-tweet\" data-width=\"500\">\n<p lang=\"es\" dir=\"ltr\">COMUNICADO OFICIAL: MLB regresa a M\u00e9xico con una serie de temporada regular en 2018. <a href=\"https:\/\/twitter.com\/hashtag\/ViveElBeis?src=hash&amp;ref_src=twsrc%5Etfw\">#ViveElBeis<\/a> <a href=\"https:\/\/t.co\/sAISND0Bw3\">pic.twitter.com\/sAISND0Bw3<\/a><\/p>\n<p>&mdash; MLB M\u00e9xico (@MLB_Mexico) <a href=\"https:\/\/twitter.com\/MLB_Mexico\/status\/930190887283458048?ref_src=twsrc%5Etfw\">November 13, 2017<\/a><\/p><\/blockquote>\n<p><script async src=\"https:\/\/platform.twitter.com\/widgets.js\" charset=\"utf-8\"><\/script><\/p>\n<p>Los Dodgers, que perdieron la <strong>Serie Mundial<\/strong> este mes ante los <strong>Astros de Houston<\/strong>, son uno de los equipos m\u00e1s queridos por los aficionados mexicanos porque en ese club obtuvo sus mayores triunfos el lanzador <strong>Fernando Valenzuela<\/strong>, mejor beisbolista mexicano de la historia que en 1981 logr\u00f3 la proeza de conquistar la Serie Mundial y el t\u00edtulo de novato del a\u00f1o.<\/p>\n<p>La primera vez que <strong>Monterrey<\/strong> fue sede de un partido oficial de las Mayores fue en agosto de 1996 cuando los Padres enfrentaron a los <strong>Mets de Nueva York<\/strong> y la segunda, el 4 de abril de 1999 cuando las Grandes Ligas inauguraron su temporada internacional en esta ciudad con el duelo entre los Padres y los <strong>Rockies de Colorado<\/strong>.<\/p>\n<p>&#8220;Los Dodgers est\u00e1n entusiasmados y extremadamente orgullosos de regresar a M\u00e9xico como equipo por cuarta vez en nuestra historia&#8221;, dijo Stan Kasten, presidente los Dodgers, en unas declaraciones circuladas a los medios.<\/p>\n<p style=\"text-align: center;\"><span style=\"color: #3366ff;\"><a href=\"https:\/\/www.futboltotal.com.mx\/futbol-internacional\/liga-de-espana\/en-atletico-madrid-descartan-salida-antoine-griezmann\/2017\/11\">VER M\u00c1S: En Atl\u00e9tico de Madrid descartan salida de Antoine Griezmann<\/a><\/span><\/p>\n<blockquote class=\"twitter-tweet\" data-width=\"500\">\n<p lang=\"es\" dir=\"ltr\">Cuatro juegos de temporada regular se han disputado en M\u00e9xico, el pr\u00f3ximo a\u00f1o sumaremos otros tres a la cuenta. As\u00ed quedaron esas pizarras. <a href=\"https:\/\/twitter.com\/hashtag\/ViveElBeis?src=hash&amp;ref_src=twsrc%5Etfw\">#ViveElBeis<\/a> <a href=\"https:\/\/t.co\/OqvYygugb0\">pic.twitter.com\/OqvYygugb0<\/a><\/p>\n<p>&mdash; MLB M\u00e9xico (@MLB_Mexico) <a href=\"https:\/\/twitter.com\/MLB_Mexico\/status\/930253997168058368?ref_src=twsrc%5Etfw\">November 14, 2017<\/a><\/p><\/blockquote>\n<p><script async src=\"https:\/\/platform.twitter.com\/widgets.js\" charset=\"utf-8\"><\/script><\/p>\n<p>Uno de los atractivos de la serie ser\u00e1 la presencia del mejor jugador mexicano de lo que va de siglo, Adri\u00e1n Gonz\u00e1lez, quien jug\u00f3 con los Padres y ahora es una de las figuras de los Dodgers.<\/p>\n<p>&#8220;Estoy muy entusiasmado de regresar a M\u00e9xico para jugar una serie contra mi ex equipo, los Padres. Visitamos Monterrey para compensar a los fan\u00e1ticos del b\u00e9isbol en M\u00e9xico por su apoyo interminable del juego que todos amamos&#8221;, dijo el primera base, con 311 cuadrangulares en las Mayores.EFE<\/p>\n","protected":false},"excerpt":{"rendered":"<p>La MLB confirm\u00f3 que los juegos en Monterrey ser\u00e1n parte del calendario.<\/p>\n","protected":false},"author":129,"featured_media":509331,"comment_status":"closed","ping_status":"closed","sticky":false,"template":"","format":"standard","meta":[],"categories":[5812,5418,6411],"tags":[5460,10830,65,6226,11172,5461,11173],"_links":{"self":[{"href":"http:\/\/desarrollo.grupomedios.com\/futbol\/wp-json\/wp\/v2\/posts\/509327"}],"collection":[{"href":"http:\/\/desarrollo.grupomedios.com\/futbol\/wp-json\/wp\/v2\/posts"}],"about":[{"href":"http:\/\/desarrollo.grupomedios.com\/futbol\/wp-json\/wp\/v2\/types\/post"}],"author":[{"embeddable":true,"href":"http:\/\/desarrollo.grupomedios.com\/futbol\/wp-json\/wp\/v2\/users\/129"}],"replies":[{"embeddable":true,"href":"http:\/\/desarrollo.grupomedios.com\/futbol\/wp-json\/wp\/v2\/comments?post=509327"}],"version-history":[{"count":1,"href":"http:\/\/desarrollo.grupomedios.com\/futbol\/wp-json\/wp\/v2\/posts\/509327\/revisions"}],"predecessor-version":[{"id":509332,"href":"http:\/\/desarrollo.grupomedios.com\/futbol\/wp-json\/wp\/v2\/posts\/509327\/revisions\/509332"}],"wp:featuredmedia":[{"embeddable":true,"href":"http:\/\/desarrollo.grupomedios.com\/futbol\/wp-json\/wp\/v2\/media\/509331"}],"wp:attachment":[{"href":"http:\/\/desarrollo.grupomedios.com\/futbol\/wp-json\/wp\/v2\/media?parent=509327"}],"wp:term":[{"taxonomy":"category","embeddable":true,"href":"http:\/\/desarrollo.grupomedios.com\/futbol\/wp-json\/wp\/v2\/categories?post=509327"},{"taxonomy":"post_tag","embeddable":true,"href":"http:\/\/desarrollo.grupomedios.com\/futbol\/wp-json\/wp\/v2\/tags?post=509327"}],"curies":[{"name":"wp","href":"https:\/\/api.w.org\/{rel}","templated":true}]}}