{"id":509355,"date":"2017-11-14T12:12:43","date_gmt":"2017-11-14T18:12:43","guid":{"rendered":"https:\/\/www.futboltotal.com.mx\/?p=509355"},"modified":"2017-11-14T12:12:43","modified_gmt":"2017-11-14T18:12:43","slug":"situan-a-chucky-lozano-en-manchester-city","status":"publish","type":"post","link":"http:\/\/desarrollo.grupomedios.com\/futbol\/futbol-internacional\/situan-a-chucky-lozano-en-manchester-city\/2017\/11","title":{"rendered":"Sit\u00faan a Chucky Lozano en el Manchester City"},"content":{"rendered":"<p><strong>POR: STAFF FT<\/strong><\/p>\n<p>La temporada que est\u00e1 realizando el futbolista mexicano,<strong> Hirving &#8216;Chucky&#8217; Lozano<\/strong> en el <strong>PSV Eindhoven<\/strong> y la <strong>Selecci\u00f3n Mexicana<\/strong>, lo est\u00e1n situando como uno de los jugadores m\u00e1s seguidos en Europa y aunque el <strong>Arsenal<\/strong> ya ha mostrado el inter\u00e9s por llevarlo a la <strong>Premier League<\/strong>, del mismo campeonato ya le ha surgido un nuevo pretendiente; el <strong>Manchester City<\/strong>, esto de acuerdo a la prensa de <strong>Holanda<\/strong>.<\/p>\n<p>&#8220;Es un jugador excepcional y r\u00e1pidamente se ha hecho un nombre desde que se uni\u00f3 al PSV, el verano pasado. Por Lozano se pagar\u00edan <strong>70 millones de euros<\/strong> el pr\u00f3ximo a\u00f1o, creo que va a ir a un club como el Manchester City, que simplemente pagan esa cantidad\u201d, expres\u00f3\u00a0Kees Jansma, presentador en Holanda. De ofrecer esta cantidad los <strong>Granjeros<\/strong> no se opondr\u00edan al fichaje, pues a pesar que desean al futbolista, el dinero ser\u00eda una entrada que no estar\u00edan dispuestos a dejar pasar.<\/p>\n<p style=\"text-align: center;\"><a href=\"https:\/\/www.futboltotal.com.mx\/futbol-mexicano\/liga-mx\/asi-se-ve-la-operacion-en-tobillo-nico-castillo\/2017\/11\">VER M\u00c1S: As\u00ed se ve la operaci\u00f3n en el tobillo de Nico Castillo<\/a><\/p>\n<p>De igual forma, el periodista Sjoerd Mossou, expres\u00f3 que &#8220;se ir\u00e1 de nuevo<strong> el pr\u00f3ximo verano, por 70 millones de euros<\/strong>, el PSV se quedar\u00e1 sin preocupaciones financieras inmediatamente\u201d, ambas declaraciones fueron realizadas en el canal\u00a0Studio Voetbal, lo que sin duda hace crecer el rumor que el futbolista estar\u00eda bajo el mando de <strong>Josep Guardiola<\/strong> despu\u00e9s de la <strong>Copa del Mundo de Rusia 2018<\/strong>.<\/p>\n<p>La actuaci\u00f3n que tuvo ante B\u00e9lgica fue protagonista a nivel internacional, luego del doblete que realiz\u00f3 pero esto solo se suma a las <strong>9 anotaciones y 5 asistencias<\/strong> que registra en la<strong> Eredivisie<\/strong> durante la presente campa\u00f1a. En cuanto a su futuro, todo parece indicar que no estar\u00e1 por mucho en el futbol de Holanda, sobre todo porque el equipo est\u00e1 en espera de la mejor oferta para dejar ir al futbolista.<\/p>\n<p style=\"text-align: center;\"><a href=\"https:\/\/www.futboltotal.com.mx\/futbol-mexicano\/liga-mx\/jonathan-dos-santos-me-encantaria-jugar-en-america-el-mejor\/2017\/11\">VER M\u00c1S: Jonathan Dos Santos: \u201cMe encantar\u00eda jugar en Am\u00e9rica, el mejor\u201d<\/a><\/p>\n","protected":false},"excerpt":{"rendered":"<p>El atacante mexicano ha llamado la atenci\u00f3n en toda Europa<\/p>\n","protected":false},"author":159,"featured_media":509357,"comment_status":"closed","ping_status":"closed","sticky":false,"template":"","format":"standard","meta":[],"categories":[3839,3846],"tags":[9425,5196,5993,3224],"_links":{"self":[{"href":"http:\/\/desarrollo.grupomedios.com\/futbol\/wp-json\/wp\/v2\/posts\/509355"}],"collection":[{"href":"http:\/\/desarrollo.grupomedios.com\/futbol\/wp-json\/wp\/v2\/posts"}],"about":[{"href":"http:\/\/desarrollo.grupomedios.com\/futbol\/wp-json\/wp\/v2\/types\/post"}],"author":[{"embeddable":true,"href":"http:\/\/desarrollo.grupomedios.com\/futbol\/wp-json\/wp\/v2\/users\/159"}],"replies":[{"embeddable":true,"href":"http:\/\/desarrollo.grupomedios.com\/futbol\/wp-json\/wp\/v2\/comments?post=509355"}],"version-history":[{"count":1,"href":"http:\/\/desarrollo.grupomedios.com\/futbol\/wp-json\/wp\/v2\/posts\/509355\/revisions"}],"predecessor-version":[{"id":509358,"href":"http:\/\/desarrollo.grupomedios.com\/futbol\/wp-json\/wp\/v2\/posts\/509355\/revisions\/509358"}],"wp:featuredmedia":[{"embeddable":true,"href":"http:\/\/desarrollo.grupomedios.com\/futbol\/wp-json\/wp\/v2\/media\/509357"}],"wp:attachment":[{"href":"http:\/\/desarrollo.grupomedios.com\/futbol\/wp-json\/wp\/v2\/media?parent=509355"}],"wp:term":[{"taxonomy":"category","embeddable":true,"href":"http:\/\/desarrollo.grupomedios.com\/futbol\/wp-json\/wp\/v2\/categories?post=509355"},{"taxonomy":"post_tag","embeddable":true,"href":"http:\/\/desarrollo.grupomedios.com\/futbol\/wp-json\/wp\/v2\/tags?post=509355"}],"curies":[{"name":"wp","href":"https:\/\/api.w.org\/{rel}","templated":true}]}}