{"id":509468,"date":"2017-11-15T08:23:27","date_gmt":"2017-11-15T14:23:27","guid":{"rendered":"https:\/\/www.futboltotal.com.mx\/?p=509468"},"modified":"2017-11-15T08:23:27","modified_gmt":"2017-11-15T14:23:27","slug":"munir-pide-apoyo-poder-jugar-mundial-marruecos","status":"publish","type":"post","link":"http:\/\/desarrollo.grupomedios.com\/futbol\/futbol-internacional\/munir-pide-apoyo-poder-jugar-mundial-marruecos\/2017\/11","title":{"rendered":"Munir pide apoyo para poder jugar el Mundial con Marruecos"},"content":{"rendered":"<p>El jugador hispanomarroqu\u00ed <strong>Munir el Haddadi<\/strong> ha contactado con la <strong>Federaci\u00f3n Real Marroqu\u00ed de F\u00fatbol (FRMF)<\/strong> para pedirle que apoye ante la<strong> FIFA<\/strong> su pretensi\u00f3n de jugar con la <strong>selecci\u00f3n de Marruecos<\/strong>, seg\u00fan asegura hoy el diario <em>Assabah<\/em>.<\/p>\n<p>El diario afirm\u00f3 que el delantero, actualmente enrolado en el <strong>Alav\u00e9s<\/strong> en calidad de cedido por el Barcelona, tambi\u00e9n se ha dirigido en persona a los responsables de la FIFA para reclamar que se defiendan &#8220;los derechos de los jugadores binacionales&#8221;.<\/p>\n<p>Nacido en la localidad madrile\u00f1a de <strong>San Lorenzo del Escorial<\/strong>, de padres marroqu\u00edes, Munir debut\u00f3 con la selecci\u00f3n espa\u00f1ola el 8 de septiembre de 2014, de la mano de <strong>Vicente del Bosque<\/strong>, en un partido de la fase de clasificaci\u00f3n para la <strong>Eurocopa 2016<\/strong> contra <strong>Macedonia (5-1)<\/strong>.<\/p>\n<p style=\"text-align: center;\"><span style=\"color: #3366ff;\"><a href=\"https:\/\/www.futboltotal.com.mx\/copa-mundial-de-futbol-2018\/principales-home-mundial\/australia-3-1-honduras-repechaje-mundial-rusia-2018-resumen\">VER M\u00c1S: Australia derrota a Honduras y ya est\u00e1 en Rusia 2018<\/a><\/span><\/p>\n<p>El delantero apenas disput\u00f3 trece minutos y no ha vuelto a jugar para <strong>Espa\u00f1a<\/strong>, pero aquel breve estreno implica, de acuerdo con las normas de la FIFA, que Munir no puede ser llamado por otra selecci\u00f3n, pese a haber hecho p\u00fablico su deseo de cambiar su nacionalidad deportiva.<\/p>\n<p>En declaraciones citadas por el rotativo Assabah, Munir dijo que no entiende &#8220;por qu\u00e9 tiene que pesar&#8221; sobre \u00e9l el hecho de haber vestido ef\u00edmeramente la camiseta de Espa\u00f1a.<\/p>\n<p>La intenci\u00f3n de Munir ser\u00eda participar en el Mundial de Rusia con Marruecos, que el pasado s\u00e1bado certific\u00f3 su clasificaci\u00f3n para el torneo con una victoria por 0 a 2 ante <strong>Costa de Marfil<\/strong>.<\/p>\n<p>La FRMF ya ha manifestado en varias ocasiones su inter\u00e9s en la incorporaci\u00f3n del delantero y ha requerido repetidamente a su hom\u00f3loga espa\u00f1ola la remisi\u00f3n del pasaporte deportivo del jugador.<\/p>\n<p style=\"text-align: center;\"><span style=\"color: #3366ff;\"><a href=\"https:\/\/www.futboltotal.com.mx\/futbol-internacional\/mundial-italia-holanda-chile-us-soccer-la-idea\/2017\/11\">VER M\u00c1S: \u00bfMundial para Italia, Holanda y Chile? US Soccer tiene la idea<\/a><\/span><\/p>\n<p>Si consiguiera el visto bueno de la FIFA, Munir tendr\u00eda que pelear por un puesto con los atacantes que han llevado a Marruecos al Mundial, entre quienes destacan Khalid Bouta\u00efb (m\u00e1ximo goleador del equipo en la fase de clasificaci\u00f3n), el prometedor Achraf Bencharki y los extremos Nordin Amrabat y Hakim Ziyech.<\/p>\n<p>Munir protagoniz\u00f3 una fulgurante ascensi\u00f3n como internacional espa\u00f1ol en 2014, cuando pas\u00f3 de la selecci\u00f3n sub-19 a la absoluta en apenas unos meses, pero desde entonces no ha contado en los planes del combinado nacional espa\u00f1ol.<\/p>\n<p>En lo que va de temporada, Munir ha disputado nueve partidos con el Alav\u00e9s, ocho de ellos como titular, y ha marcado un gol. EFE<\/p>\n","protected":false},"excerpt":{"rendered":"<p>El marroqu\u00ed ya jug\u00f3 con Espa\u00f1a en 2014.<\/p>\n","protected":false},"author":129,"featured_media":509469,"comment_status":"closed","ping_status":"closed","sticky":false,"template":"","format":"standard","meta":[],"categories":[3839],"tags":[253,361,2583,1125,6716,2232],"_links":{"self":[{"href":"http:\/\/desarrollo.grupomedios.com\/futbol\/wp-json\/wp\/v2\/posts\/509468"}],"collection":[{"href":"http:\/\/desarrollo.grupomedios.com\/futbol\/wp-json\/wp\/v2\/posts"}],"about":[{"href":"http:\/\/desarrollo.grupomedios.com\/futbol\/wp-json\/wp\/v2\/types\/post"}],"author":[{"embeddable":true,"href":"http:\/\/desarrollo.grupomedios.com\/futbol\/wp-json\/wp\/v2\/users\/129"}],"replies":[{"embeddable":true,"href":"http:\/\/desarrollo.grupomedios.com\/futbol\/wp-json\/wp\/v2\/comments?post=509468"}],"version-history":[{"count":1,"href":"http:\/\/desarrollo.grupomedios.com\/futbol\/wp-json\/wp\/v2\/posts\/509468\/revisions"}],"predecessor-version":[{"id":509470,"href":"http:\/\/desarrollo.grupomedios.com\/futbol\/wp-json\/wp\/v2\/posts\/509468\/revisions\/509470"}],"wp:featuredmedia":[{"embeddable":true,"href":"http:\/\/desarrollo.grupomedios.com\/futbol\/wp-json\/wp\/v2\/media\/509469"}],"wp:attachment":[{"href":"http:\/\/desarrollo.grupomedios.com\/futbol\/wp-json\/wp\/v2\/media?parent=509468"}],"wp:term":[{"taxonomy":"category","embeddable":true,"href":"http:\/\/desarrollo.grupomedios.com\/futbol\/wp-json\/wp\/v2\/categories?post=509468"},{"taxonomy":"post_tag","embeddable":true,"href":"http:\/\/desarrollo.grupomedios.com\/futbol\/wp-json\/wp\/v2\/tags?post=509468"}],"curies":[{"name":"wp","href":"https:\/\/api.w.org\/{rel}","templated":true}]}}