{"id":509479,"date":"2017-11-15T09:47:02","date_gmt":"2017-11-15T15:47:02","guid":{"rendered":"https:\/\/www.futboltotal.com.mx\/?p=509479"},"modified":"2017-11-15T10:53:54","modified_gmt":"2017-11-15T16:53:54","slug":"chivas-negocia-porto-regreso-raul-gudino","status":"publish","type":"post","link":"http:\/\/desarrollo.grupomedios.com\/futbol\/destacado-home\/chivas-negocia-porto-regreso-raul-gudino\/2017\/11","title":{"rendered":"Chivas negocia con Porto regreso de Ra\u00fal Gudi\u00f1o"},"content":{"rendered":"<p><strong>POR: STAFF FT<\/strong><\/p>\n<p><strong>Chivas de Guadalajara<\/strong> ya estar\u00eda en conversaciones con el <strong>Porto<\/strong> para conseguir repatriar al guardameta,\u00a0<strong>Ra\u00fal Gudi\u00f1o<\/strong> en calidad de pr\u00e9stamo, quien ver\u00eda con buenos ojos regresar a M\u00e9xico para convertirse en titular, pues en el <strong>APOEL<\/strong> no ha encontrado regularidad, por lo que estar\u00eda dispuesto a regresar a la <strong>Liga MX<\/strong> por un tiempo pero todo depende de la forma en que evolucionen las negociaciones por\u00a0<strong>Rodolfo Cota\u00a0<\/strong>con <strong>Pachuca<\/strong>.<\/p>\n<p>De acuerdo al diario R\u00e9cord, la directiva Rojiblanca encabezada por\u00a0<strong>Jorge Vergara y Jos\u00e9 Luis Higuera\u00a0<\/strong>ya tuvieron algunas conversaciones con el Porto para conocer si existe una posibilidad para que el futbolista regrese al balompi\u00e9 azteca por seis meses ofreci\u00e9ndole la titularidad en la Liga MX, hecho que favorecer\u00eda a los <strong>Dragones<\/strong> pues tendr\u00eda regularidad y su nivel de juego se incrementar\u00eda.<\/p>\n<p style=\"text-align: center;\"><a href=\"https:\/\/www.futboltotal.com.mx\/futbol-mexicano\/liga-mx\/quien-es-el-mejor-portero-la-liga-mx\/2017\/11\">VER M\u00c1S: \u00bfQui\u00e9n es el mejor portero de la Liga MX?<\/a><\/p>\n<p>En estos momentos, <strong>Gudi\u00f1o<\/strong> se encuentra en pr\u00e9stamo con el <strong>APOEL de Chipre<\/strong>, sin embargo este no significar\u00eda un impedimento para llegar al Reba\u00f1o, ya que la cesi\u00f3n del portero con los chipriotas tiene renovaci\u00f3n cada semestre, es decir que en enero deber\u00e1 negociar de nuevo con el <strong>Porto<\/strong> y es ah\u00ed donde analizar\u00e1 la oferta de <strong>Chivas<\/strong> para decidir el futuro del futbolista, insistiendo en que la gran ventaja de la oferta del Reba\u00f1o es que les aseguran la titularidad del futbolista.<\/p>\n<div class=\"field field-name-body field-type-text-with-summary field-label-hidden txt_nota\">\n<div class=\"field-items\">\n<div class=\"field-item even\">\n<p>Los acercamientos comenzaron entre promotores para manifestar su inter\u00e9s por repatriar al guardameta, el cual emigr\u00f3 del propio club Rojiblanco en agosto de 2014 hacia los Dragones. Las negociaciones se har\u00edan formales en cuanto se defina la situaci\u00f3n de <strong>Rodolfo Cota<\/strong>, quien parece ser regresar\u00eda a Pachuca, pero los Rojiblancos quieren agotar todas las posibilidades para quedarse con el guardameta de 30 a\u00f1os, pero no est\u00e1n dispuestos a pagar\u00a0<strong>8 millones de d\u00f3lares<\/strong>.<\/p>\n<p style=\"text-align: center;\"><a href=\"https:\/\/www.futboltotal.com.mx\/futbol-mexicano\/liga-mx\/chicharito-quiso-volver-a-chivas-west-ham-no-lo-dejo\/2017\/11\">VER M\u00c1S: Chicharito quiso volver a Chivas, West Ham no lo dej\u00f3<\/a><\/p>\n<p>&nbsp;<\/p>\n<\/div>\n<\/div>\n<\/div>\n","protected":false},"excerpt":{"rendered":"<p>El guardameta est\u00e1 jugando en el APOEL de Chipre<\/p>\n","protected":false},"author":159,"featured_media":509483,"comment_status":"closed","ping_status":"closed","sticky":false,"template":"","format":"standard","meta":[],"categories":[5,2198,3845],"tags":[70,9028,64,1208,4596,6920],"_links":{"self":[{"href":"http:\/\/desarrollo.grupomedios.com\/futbol\/wp-json\/wp\/v2\/posts\/509479"}],"collection":[{"href":"http:\/\/desarrollo.grupomedios.com\/futbol\/wp-json\/wp\/v2\/posts"}],"about":[{"href":"http:\/\/desarrollo.grupomedios.com\/futbol\/wp-json\/wp\/v2\/types\/post"}],"author":[{"embeddable":true,"href":"http:\/\/desarrollo.grupomedios.com\/futbol\/wp-json\/wp\/v2\/users\/159"}],"replies":[{"embeddable":true,"href":"http:\/\/desarrollo.grupomedios.com\/futbol\/wp-json\/wp\/v2\/comments?post=509479"}],"version-history":[{"count":1,"href":"http:\/\/desarrollo.grupomedios.com\/futbol\/wp-json\/wp\/v2\/posts\/509479\/revisions"}],"predecessor-version":[{"id":509484,"href":"http:\/\/desarrollo.grupomedios.com\/futbol\/wp-json\/wp\/v2\/posts\/509479\/revisions\/509484"}],"wp:featuredmedia":[{"embeddable":true,"href":"http:\/\/desarrollo.grupomedios.com\/futbol\/wp-json\/wp\/v2\/media\/509483"}],"wp:attachment":[{"href":"http:\/\/desarrollo.grupomedios.com\/futbol\/wp-json\/wp\/v2\/media?parent=509479"}],"wp:term":[{"taxonomy":"category","embeddable":true,"href":"http:\/\/desarrollo.grupomedios.com\/futbol\/wp-json\/wp\/v2\/categories?post=509479"},{"taxonomy":"post_tag","embeddable":true,"href":"http:\/\/desarrollo.grupomedios.com\/futbol\/wp-json\/wp\/v2\/tags?post=509479"}],"curies":[{"name":"wp","href":"https:\/\/api.w.org\/{rel}","templated":true}]}}