{"id":509480,"date":"2017-11-15T09:17:39","date_gmt":"2017-11-15T15:17:39","guid":{"rendered":"https:\/\/www.futboltotal.com.mx\/?p=509480"},"modified":"2017-11-15T10:58:03","modified_gmt":"2017-11-15T16:58:03","slug":"laliga-santander-tendra-var-a-partir-del-2018","status":"publish","type":"post","link":"http:\/\/desarrollo.grupomedios.com\/futbol\/futbol-internacional\/laliga-santander-tendra-var-a-partir-del-2018\/2017\/11","title":{"rendered":"LaLiga Santander tendr\u00e1 el VAR a partir del 2018"},"content":{"rendered":"<p><strong>LaLiga Santander de Espa\u00f1a<\/strong> tendr\u00e1 el <strong>VAR<\/strong> a partir de la temporada 2018-19 y se unir\u00e1 a algunas ligas como la <strong>Bundesliga<\/strong> y la <strong>Eredivise<\/strong> al contar con la tecnolog\u00eda del videoarbitraje.<\/p>\n<p>El <strong>Comit\u00e9 T\u00e9cnico de \u00c1rbitros del la Liga de Futbol Profesional<\/strong> (<strong>LFP<\/strong>) ya tiene el s\u00ed de la <strong>International Board<\/strong> para la utilizaci\u00f3n del VAR. Lo que durante esta campa\u00f1a ser\u00e1 en periodo de pruebas, la pr\u00f3xima temporada ser\u00e1 oficial, tal y como ha comentado<strong> Victoriano S\u00e1nchez Arminio<\/strong> a los \u00e1rbitros de Primera y Segunda divisi\u00f3n reunidos durante estos d\u00edas en Madrid.<\/p>\n<p style=\"text-align: center;\"><span style=\"color: #3366ff;\"><a href=\"https:\/\/www.futboltotal.com.mx\/copa-mundial-de-futbol-2018\/principales-home-mundial\/australia-3-1-honduras-repechaje-mundial-rusia-2018-resumen\">VER M\u00c1S: Australia derrota a Honduras y ya est\u00e1 en Rusia 2018<\/a><\/span><\/p>\n<p>El presidente arbitral confirm\u00f3 a todos que el uso del VAR llegar\u00e1 tras las pruebas definitivas que se producir\u00e1n en el pr\u00f3ximo <strong>Mundial de Rusia<\/strong>. S\u00e1nchez Arminio insisti\u00f3 que su uso ser\u00e1 para jugadas puntuales y no a manera de consulta constante.<\/p>\n<p>No dej\u00f3 lugar a duda alguna a sus colegiados. &#8220;El VAR ayudar\u00e1 a solucionar la duda de si un gol ha entrado o no, si ha sido fuera de juego o si una jugada ha sido dentro del \u00e1rea o fuera. La apreciaci\u00f3n y el criterio vuestro ser\u00e1 el que siga prevaleciendo&#8221;, se\u00f1al\u00f3.<\/p>\n","protected":false},"excerpt":{"rendered":"<p>La Liga de Espa\u00f1a tendr\u00e1 pruebas finales en los pr\u00f3ximos meses.<\/p>\n","protected":false},"author":129,"featured_media":509481,"comment_status":"closed","ping_status":"closed","sticky":false,"template":"","format":"standard","meta":[],"categories":[3839,3844],"tags":[361,6214,11183,11182,1913,9078],"_links":{"self":[{"href":"http:\/\/desarrollo.grupomedios.com\/futbol\/wp-json\/wp\/v2\/posts\/509480"}],"collection":[{"href":"http:\/\/desarrollo.grupomedios.com\/futbol\/wp-json\/wp\/v2\/posts"}],"about":[{"href":"http:\/\/desarrollo.grupomedios.com\/futbol\/wp-json\/wp\/v2\/types\/post"}],"author":[{"embeddable":true,"href":"http:\/\/desarrollo.grupomedios.com\/futbol\/wp-json\/wp\/v2\/users\/129"}],"replies":[{"embeddable":true,"href":"http:\/\/desarrollo.grupomedios.com\/futbol\/wp-json\/wp\/v2\/comments?post=509480"}],"version-history":[{"count":1,"href":"http:\/\/desarrollo.grupomedios.com\/futbol\/wp-json\/wp\/v2\/posts\/509480\/revisions"}],"predecessor-version":[{"id":509482,"href":"http:\/\/desarrollo.grupomedios.com\/futbol\/wp-json\/wp\/v2\/posts\/509480\/revisions\/509482"}],"wp:featuredmedia":[{"embeddable":true,"href":"http:\/\/desarrollo.grupomedios.com\/futbol\/wp-json\/wp\/v2\/media\/509481"}],"wp:attachment":[{"href":"http:\/\/desarrollo.grupomedios.com\/futbol\/wp-json\/wp\/v2\/media?parent=509480"}],"wp:term":[{"taxonomy":"category","embeddable":true,"href":"http:\/\/desarrollo.grupomedios.com\/futbol\/wp-json\/wp\/v2\/categories?post=509480"},{"taxonomy":"post_tag","embeddable":true,"href":"http:\/\/desarrollo.grupomedios.com\/futbol\/wp-json\/wp\/v2\/tags?post=509480"}],"curies":[{"name":"wp","href":"https:\/\/api.w.org\/{rel}","templated":true}]}}