{"id":509491,"date":"2017-11-15T11:14:51","date_gmt":"2017-11-15T17:14:51","guid":{"rendered":"https:\/\/www.futboltotal.com.mx\/?p=509491"},"modified":"2017-11-15T11:14:51","modified_gmt":"2017-11-15T17:14:51","slug":"bayern-munich-ya-busca-suplente-lewandowski","status":"publish","type":"post","link":"http:\/\/desarrollo.grupomedios.com\/futbol\/futbol-internacional\/bayern-munich-ya-busca-suplente-lewandowski\/2017\/11","title":{"rendered":"Bayern Munich ya busca un suplente para Lewandowski"},"content":{"rendered":"<p><strong>POR: STAFF FT<\/strong><\/p>\n<p>El <strong>Bayern Munich<\/strong> desea quedarse con el atacante,\u00a0<strong>Robert Lewandowski\u00a0<\/strong>a pesar de los rumores de salida, por lo que buscan tenerlo contento y ya le buscan un suplente que pueda jugar minutos y le de descanso al polaco, tal y como lo pidi\u00f3 hace unas semanas, pues al momento tiene 16 anotaciones y el alem\u00e1n\u00a0<strong>Thomas M\u00fcller<\/strong>, con 4 goles es quien m\u00e1s se le acerca y no es como tal un centro delantero.<\/p>\n<p><strong>&#8220;Para m\u00ed ser\u00eda un alivio si puedo jugar 15 o 20 minutos menos en cada partido, puedo mantener mejor la forma y se minimiza el riesgo de lesiones&#8221;<\/strong>,<i>\u00a0<\/i>estableci\u00f3 el delantero polaco de 29 a\u00f1os y de acuerdo con el diario alem\u00e1n,\u00a0<i>SportBild<\/i>, la directiva b\u00e1vara ya estar\u00eda manejando diversas opciones para traer un suplente que le proporcione descanso a su delantero estrella y el propio polaco ya habr\u00eda avalado los nombres.<\/p>\n<p>Existen tres opciones con experiencia que podr\u00edan ser para obtener resultados en un futuro inmediato, el primero ser\u00eda el franc\u00e9s <strong>Olivier Giroud<\/strong>, quien este semestre ha perdido protagonismo en el <strong>Arsenal<\/strong> y apenas ha anotado 3 goles, con sus 31 a\u00f1os podr\u00eda ser un buen elemento de cara a darle minutos al polaco.<\/p>\n<p style=\"text-align: center;\"><a href=\"https:\/\/www.futboltotal.com.mx\/futbol-mexicano\/liga-mx\/quien-es-el-mejor-portero-la-liga-mx\/2017\/11\">VER M\u00c1S: \u00bfQui\u00e9n es el mejor portero de la Liga MX?<\/a><\/p>\n<p>Por otro lado, <strong>Edin Dzeko<\/strong>, actual futbolista de la <strong>Roma<\/strong>, tiene 29 a\u00f1os y 10 goles, ha tenido un buen curso y adem\u00e1s tendr\u00eda una ventaja importante, no va a jugar la <strong>Copa del Mundo de Rusia 2018<\/strong>, por lo que no tendr\u00eda inconveniente de pelear un puesto desde la banca para ganar un poco m\u00e1s de dinero y ya cuenta con experiencia en la Bundesliga, pues jug\u00f3 en el Wolfsburgo. Otra opci\u00f3n ser\u00eda\u00a0<strong>Anthony Modeste,\u00a0<\/strong>de igual manera de 29 a\u00f1os, tiene 7 goles con el\u00a0<strong>Tianjin Quanjian<\/strong> de China, quien de igual forma tiene experiencia en Alemania con el\u00a0Hoffenheim y Colonia.<\/p>\n<p>Sin embargo, la decisi\u00f3n por la que se debaten es en traer a un joven con el que puedan contar en un futuro pero significar\u00eda un riesgo para la actualidad, se trata del atacante de Dinamarca,\u00a0<strong>Kasper Dolberg<\/strong>, jugador de 20 a\u00f1os del\u00a0<strong>Ajax de Amsterdam,\u00a0<\/strong>tiene 2 goles en lo que va de la temporada pero es uno de los prospectos m\u00e1s seguidos para convertirse en estrella dentro de algunos a\u00f1os.<\/p>\n<p style=\"text-align: center;\"><a href=\"https:\/\/www.futboltotal.com.mx\/futbol-mexicano\/liga-mx\/chivas-negocia-porto-regreso-raul-gudino\/2017\/11\">VER M\u00c1S: Chivas negocia con Porto regreso de Ra\u00fal Gudi\u00f1o<\/a><\/p>\n","protected":false},"excerpt":{"rendered":"<p>Los b\u00e1varos est\u00e1n buscano un delantero que le de descanso al polaco<\/p>\n","protected":false},"author":159,"featured_media":509494,"comment_status":"closed","ping_status":"closed","sticky":false,"template":"","format":"standard","meta":[],"categories":[3839,6822],"tags":[11184,2056,119,627,10455,6799,6038],"_links":{"self":[{"href":"http:\/\/desarrollo.grupomedios.com\/futbol\/wp-json\/wp\/v2\/posts\/509491"}],"collection":[{"href":"http:\/\/desarrollo.grupomedios.com\/futbol\/wp-json\/wp\/v2\/posts"}],"about":[{"href":"http:\/\/desarrollo.grupomedios.com\/futbol\/wp-json\/wp\/v2\/types\/post"}],"author":[{"embeddable":true,"href":"http:\/\/desarrollo.grupomedios.com\/futbol\/wp-json\/wp\/v2\/users\/159"}],"replies":[{"embeddable":true,"href":"http:\/\/desarrollo.grupomedios.com\/futbol\/wp-json\/wp\/v2\/comments?post=509491"}],"version-history":[{"count":1,"href":"http:\/\/desarrollo.grupomedios.com\/futbol\/wp-json\/wp\/v2\/posts\/509491\/revisions"}],"predecessor-version":[{"id":509495,"href":"http:\/\/desarrollo.grupomedios.com\/futbol\/wp-json\/wp\/v2\/posts\/509491\/revisions\/509495"}],"wp:featuredmedia":[{"embeddable":true,"href":"http:\/\/desarrollo.grupomedios.com\/futbol\/wp-json\/wp\/v2\/media\/509494"}],"wp:attachment":[{"href":"http:\/\/desarrollo.grupomedios.com\/futbol\/wp-json\/wp\/v2\/media?parent=509491"}],"wp:term":[{"taxonomy":"category","embeddable":true,"href":"http:\/\/desarrollo.grupomedios.com\/futbol\/wp-json\/wp\/v2\/categories?post=509491"},{"taxonomy":"post_tag","embeddable":true,"href":"http:\/\/desarrollo.grupomedios.com\/futbol\/wp-json\/wp\/v2\/tags?post=509491"}],"curies":[{"name":"wp","href":"https:\/\/api.w.org\/{rel}","templated":true}]}}