{"id":509498,"date":"2017-11-15T13:30:02","date_gmt":"2017-11-15T19:30:02","guid":{"rendered":"https:\/\/www.futboltotal.com.mx\/?p=509498"},"modified":"2017-11-15T13:30:02","modified_gmt":"2017-11-15T19:30:02","slug":"honduras-acusa-soborno-a-arbitro-vs-australia","status":"publish","type":"post","link":"http:\/\/desarrollo.grupomedios.com\/futbol\/futbol-internacional\/honduras-acusa-soborno-a-arbitro-vs-australia\/2017\/11","title":{"rendered":"Honduras acusa de soborno a \u00e1rbitro vs Australia"},"content":{"rendered":"<p><strong>POR: STAFF FT<\/strong><\/p>\n<p>El capit\u00e1n y defensor de la<strong> Selecci\u00f3n de Honduras<\/strong>,\u00a0<strong>Maynor Figueroa<\/strong>, estall\u00f3 en contra del silbante,\u00a0<strong>N\u00e9stor Pitana<\/strong> durante el encuentro de vuelta en el repechaje que sostuvieron ante <strong>Australia<\/strong> y que desemboc\u00f3 en su eliminaci\u00f3n para llegar a la<strong> Copa del Mundo de Rusia 2018<\/strong> por marcador de 1-3.<\/p>\n<p style=\"text-align: center;\"><a href=\"https:\/\/www.futboltotal.com.mx\/futbol-mexicano\/liga-mx\/mati-fernandez-dejaria-necaxa-para-jugar-copa-libertadores\/2017\/11\">VER M\u00c1S: Mati Fern\u00e1ndez dejar\u00eda Necaxa para jugar Copa Libertadores<\/a><\/p>\n<p>Cuando se dio la finalizaci\u00f3n del encuentro, el defensa de 34 a\u00f1os dio declaraciones internacionales y lanz\u00f3 severas acusaciones severas en contra del silbante argentino, acus\u00e1ndolo de ser el principal responsable de la eliminaci\u00f3n catracha y lo acus\u00f3 de un posible soborno.&#8221;Yo s\u00f3lo tengo palabras de agradecimiento para cada uno de mis compa\u00f1eros y <strong>decirle al \u00e1rbitro que de la justicia divina nadie se va a salvar<\/strong>,<strong> si est\u00e1 cobrando un cheque por esto no se va a salvar<\/strong>&#8220;, declar\u00f3 el futbolista para la televisi\u00f3n.<\/p>\n<blockquote class=\"twitter-video\" data-lang=\"es\">\n<p dir=\"ltr\" lang=\"es\"><a href=\"https:\/\/twitter.com\/hashtag\/HoyMasQueNunca?src=hash&amp;ref_src=twsrc%5Etfw\">#HoyMasQueNunca<\/a> | Canal 5&#x1f4fa;<\/p>\n<p>Palabras del Capit\u00e1n Maynor FIGUEROA tras la eliminaci\u00f3n de Rusia 2018.<\/p>\n<p>\u26bd\ufe0f AUS&#x1f1e6;&#x1f1fa;3-1 &#x1f1ed;&#x1f1f3;HON <a href=\"https:\/\/t.co\/p6yhCwXtT9\">pic.twitter.com\/p6yhCwXtT9<\/a><\/p>\n<p>\u2014 Deportes TVC (@DeportesTVC) <a href=\"https:\/\/twitter.com\/DeportesTVC\/status\/930753353134600193?ref_src=twsrc%5Etfw\">15 de noviembre de 2017<\/a><\/p><\/blockquote>\n<p><script async src=\"https:\/\/platform.twitter.com\/widgets.js\" charset=\"utf-8\"><\/script><\/p>\n<p>El jugador del FC Dallas indic\u00f3 que el penal marcado en contra de su compa\u00f1ero\u00a0Bryan Acosta fue de forma err\u00f3nea y se\u00f1al\u00f3 que la acci\u00f3n fue la que llev\u00f3 a la &#8216;H&#8217; a perder la concentraci\u00f3n de su equipo.&#8221;Tuvimos una reacci\u00f3n muy positiva, pero evidentemente lo que pas\u00f3, lo que est\u00e1 a la vista del mundo, nos termin\u00f3 descontrolado. Ese segundo gol que realmente <strong>el \u00e1rbitro les regala&#8230; es muy evidente<\/strong>&#8220;, concluy\u00f3 el jugador.<\/p>\n<p style=\"text-align: center;\"><a href=\"https:\/\/www.futboltotal.com.mx\/liga-de-alemania\/bayern-munich-ya-busca-suplente-lewandowski\/2017\/11\">VER M\u00c1S: Bayern Munich ya busca un suplente para Lewandowski<\/a><\/p>\n","protected":false},"excerpt":{"rendered":"<p>El defensa catracho lanz\u00f3 declaraciones importantes contra el silbante<\/p>\n","protected":false},"author":159,"featured_media":509499,"comment_status":"closed","ping_status":"closed","sticky":false,"template":"","format":"standard","meta":[],"categories":[3839],"tags":[636,800,11186,4306,2232],"_links":{"self":[{"href":"http:\/\/desarrollo.grupomedios.com\/futbol\/wp-json\/wp\/v2\/posts\/509498"}],"collection":[{"href":"http:\/\/desarrollo.grupomedios.com\/futbol\/wp-json\/wp\/v2\/posts"}],"about":[{"href":"http:\/\/desarrollo.grupomedios.com\/futbol\/wp-json\/wp\/v2\/types\/post"}],"author":[{"embeddable":true,"href":"http:\/\/desarrollo.grupomedios.com\/futbol\/wp-json\/wp\/v2\/users\/159"}],"replies":[{"embeddable":true,"href":"http:\/\/desarrollo.grupomedios.com\/futbol\/wp-json\/wp\/v2\/comments?post=509498"}],"version-history":[{"count":1,"href":"http:\/\/desarrollo.grupomedios.com\/futbol\/wp-json\/wp\/v2\/posts\/509498\/revisions"}],"predecessor-version":[{"id":509500,"href":"http:\/\/desarrollo.grupomedios.com\/futbol\/wp-json\/wp\/v2\/posts\/509498\/revisions\/509500"}],"wp:featuredmedia":[{"embeddable":true,"href":"http:\/\/desarrollo.grupomedios.com\/futbol\/wp-json\/wp\/v2\/media\/509499"}],"wp:attachment":[{"href":"http:\/\/desarrollo.grupomedios.com\/futbol\/wp-json\/wp\/v2\/media?parent=509498"}],"wp:term":[{"taxonomy":"category","embeddable":true,"href":"http:\/\/desarrollo.grupomedios.com\/futbol\/wp-json\/wp\/v2\/categories?post=509498"},{"taxonomy":"post_tag","embeddable":true,"href":"http:\/\/desarrollo.grupomedios.com\/futbol\/wp-json\/wp\/v2\/tags?post=509498"}],"curies":[{"name":"wp","href":"https:\/\/api.w.org\/{rel}","templated":true}]}}