{"id":509511,"date":"2017-11-15T15:33:37","date_gmt":"2017-11-15T21:33:37","guid":{"rendered":"https:\/\/www.futboltotal.com.mx\/?p=509511"},"modified":"2017-11-15T15:33:37","modified_gmt":"2017-11-15T21:33:37","slug":"italia-despide-a-giampiero-ventura-tras-fracaso","status":"publish","type":"post","link":"http:\/\/desarrollo.grupomedios.com\/futbol\/futbol-internacional\/italia-despide-a-giampiero-ventura-tras-fracaso\/2017\/11","title":{"rendered":"Italia despide a Giampiero Ventura tras fracaso"},"content":{"rendered":"<p><strong>POR: EFE<\/strong><\/p>\n<p>La <strong>Federaci\u00f3n de F\u00fatbol italiana<\/strong> (FIGC) destituy\u00f3 este mi\u00e9rcoles al seleccionador <strong>Giampiero Ventura<\/strong>, despu\u00e9s de que no lograra clasificar al equipo &#8220;azzurro&#8221; para el pr\u00f3ximo <strong>Mundial de Rusia 2018<\/strong>.<\/p>\n<p>&#8220;Ventura ya no es el entrenador de la selecci\u00f3n&#8221; italiana, se lee en el comunicado de la FIGC, emitido despu\u00e9s de que el presidente del organismo, <strong>Carlo Tavecchio<\/strong>, se reuniera esta tarde en Roma con sus colaboradores.<\/p>\n<p>Ventura, cuyo contrato expira en junio de 2018, decidi\u00f3 no dimitir a pesar de que su equipo viviera un fracaso hist\u00f3rico y se quedara fuera de un Mundial 60 a\u00f1os despu\u00e9s de la \u00faltima vez, que se remontaba a 1958.<\/p>\n<p style=\"text-align: center;\"><span style=\"color: #333399;\"><a href=\"https:\/\/www.futboltotal.com.mx\/futbol-internacional\/mundial-italia-holanda-chile-us-soccer-la-idea\/2017\/11\">VER M\u00c1S:\u00a0<span class=\"item-title\">\u00bfMundial para Italia, Holanda y Chile? US Soccer tiene la idea<\/span><\/a><\/span><\/p>\n<p style=\"text-align: left;\"><span style=\"color: #333399;\"><\/span><span style=\"color: #333399;\"><\/span>El ya exentrenador de Italia recibi\u00f3 la noticia de su destituci\u00f3n desde su residencia de Bari (sur de Italia), a la que acudi\u00f3 el martes para juntarse con su mujer y sus familiares.<\/p>\n<p>En el comunicado se informa adem\u00e1s de la &#8220;no disponibilidad&#8221; de Tavecchio para dimitir de su cargo de presidente y se explica que quiere &#8220;asumir la responsabilidad de presentar al Consejo de la Federaci\u00f3n una serie de propuestas&#8221; para el futuro.<\/p>\n<p style=\"text-align: center;\"><span style=\"color: #333399;\"><a href=\"https:\/\/www.futboltotal.com.mx\/copa-mundial-de-futbol-2018\/noticias\/italia-perdera-100-mde-tras-quedarse-rusia-2018\">VER M\u00c1S:\u00a0<span class=\"item-title\">Italia perder\u00e1 100 mde tras quedarse fuera de Rusia 2018<\/span><\/a><\/span><\/p>\n","protected":false},"excerpt":{"rendered":"<p>Tras la eliminaci\u00f3n, la azzurri cambiar\u00e1 de entrenador para el siguiente ciclo mundialista<\/p>\n","protected":false},"author":160,"featured_media":509514,"comment_status":"closed","ping_status":"closed","sticky":false,"template":"","format":"standard","meta":[],"categories":[3839],"tags":[4117,11187,292,11150,849],"_links":{"self":[{"href":"http:\/\/desarrollo.grupomedios.com\/futbol\/wp-json\/wp\/v2\/posts\/509511"}],"collection":[{"href":"http:\/\/desarrollo.grupomedios.com\/futbol\/wp-json\/wp\/v2\/posts"}],"about":[{"href":"http:\/\/desarrollo.grupomedios.com\/futbol\/wp-json\/wp\/v2\/types\/post"}],"author":[{"embeddable":true,"href":"http:\/\/desarrollo.grupomedios.com\/futbol\/wp-json\/wp\/v2\/users\/160"}],"replies":[{"embeddable":true,"href":"http:\/\/desarrollo.grupomedios.com\/futbol\/wp-json\/wp\/v2\/comments?post=509511"}],"version-history":[{"count":1,"href":"http:\/\/desarrollo.grupomedios.com\/futbol\/wp-json\/wp\/v2\/posts\/509511\/revisions"}],"predecessor-version":[{"id":509515,"href":"http:\/\/desarrollo.grupomedios.com\/futbol\/wp-json\/wp\/v2\/posts\/509511\/revisions\/509515"}],"wp:featuredmedia":[{"embeddable":true,"href":"http:\/\/desarrollo.grupomedios.com\/futbol\/wp-json\/wp\/v2\/media\/509514"}],"wp:attachment":[{"href":"http:\/\/desarrollo.grupomedios.com\/futbol\/wp-json\/wp\/v2\/media?parent=509511"}],"wp:term":[{"taxonomy":"category","embeddable":true,"href":"http:\/\/desarrollo.grupomedios.com\/futbol\/wp-json\/wp\/v2\/categories?post=509511"},{"taxonomy":"post_tag","embeddable":true,"href":"http:\/\/desarrollo.grupomedios.com\/futbol\/wp-json\/wp\/v2\/tags?post=509511"}],"curies":[{"name":"wp","href":"https:\/\/api.w.org\/{rel}","templated":true}]}}