{"id":509516,"date":"2017-11-15T15:47:33","date_gmt":"2017-11-15T21:47:33","guid":{"rendered":"https:\/\/www.futboltotal.com.mx\/?p=509516"},"modified":"2017-11-15T15:47:33","modified_gmt":"2017-11-15T21:47:33","slug":"griezmann-niega-estar-preocupado-falta-goles","status":"publish","type":"post","link":"http:\/\/desarrollo.grupomedios.com\/futbol\/futbol-internacional\/griezmann-niega-estar-preocupado-falta-goles\/2017\/11","title":{"rendered":"Griezmann niega estar preocupado por su falta de goles"},"content":{"rendered":"<p>El franc\u00e9s <strong>Antoine Griezmann,<\/strong> delantero del <strong>Atl\u00e9tico de Madrid<\/strong>, dijo este mi\u00e9rcoles que la &#8220;\u00fanica vez&#8221; que se ha sentido &#8220;presionado fue cuando&#8221; su hija ten\u00eda &#8220;pocos meses&#8221;, al tiempo que declar\u00f3 que est\u00e1 &#8220;feliz&#8221; con su juego y no est\u00e1 preocupado por su actual sequ\u00eda de goles.<\/p>\n<p>&#8220;La \u00fanica vez que me sent\u00ed presionado es cuando he tenido a mi hija que ten\u00eda pocos meses. Ah\u00ed era mucha presi\u00f3n. Los goles es lo que hacemos, es lo que sabemos hacer, meter goles, y ya entrar\u00e1n&#8221;, explic\u00f3 en una entrevista publicada en la web de <strong>LaLiga<\/strong>, a tres d\u00edas del derbi con al <strong>Real Madrid<\/strong> en el <strong>estadio Wanda Metropolitano<\/strong>.<\/p>\n<p>Griezmann encadena siete encuentros sin marcar ning\u00fan gol con el equipo rojiblanco. &#8220;No estoy preocupado. Estoy feliz con mi juego y ya entrar\u00e1 el bal\u00f3n (&#8230;) Siempre es bonito meter gol. Siempre es una sensaci\u00f3n y una emoci\u00f3n que no encuentras en ning\u00fan lugar o momento de tu vida. Siempre apetece meter goles&#8221;, dijo el atacante.<\/p>\n<p style=\"text-align: center;\"><span style=\"color: #3366ff;\"><a href=\"https:\/\/www.futboltotal.com.mx\/futbol-mexicano\/liga-mx\/chivas-negocia-porto-regreso-raul-gudino\/2017\/11\">VER M\u00c1S: Chivas negocia con Porto regreso de Ra\u00fal Gudi\u00f1o<\/a><\/span><\/p>\n<p>&#8220;Queremos celebrar goles. Hay que seguir as\u00ed. En la semana nos entran casi todos los tiros y son en los partidos, donde m\u00e1s cuenta, cuando nos est\u00e1 costando&#8221;, continu\u00f3 el delantero, que admiti\u00f3 que en comparaci\u00f3n con otras temporadas al equipo le est\u00e1 &#8220;costando meter el gol&#8221;, porque &#8220;atr\u00e1s&#8221;, seg\u00fan opin\u00f3, su conjunto est\u00e1 &#8220;bien&#8221;.<\/p>\n<p>&#8220;Hay que seguir trabajando, creyendo en el entrenador y en los compa\u00f1eros. Hay que trabajar y mejorar&#8221;, a\u00f1adi\u00f3 Griezmann, que ya enfoca al duelo frente al Real Madrid: &#8220;Hay que ganar el primer derbi en el Wanda. Seguro que la gente vendr\u00e1 con muchas ganas. Cuando se anima la gente, es muy dif\u00edcil para el equipo rival&#8221;.<\/p>\n<p>&#8220;A nosotros nos da un plus. Nos ayuda mucho cuando nos empujan. El C<strong>alder\u00f3n<\/strong> era igual. En el Wanda es m\u00e1s, porque hay mucho ruido&#8221;, dijo Griezmann, que afirm\u00f3 que el derbi es &#8220;un partido muy importante para la afici\u00f3n y el club y bonito para cualquier jugador&#8221;. &#8220;En la semana hay mucha tensi\u00f3n y muchas ganas de que llegue&#8221;, a\u00f1adi\u00f3.<\/p>\n<p>&#8220;Intentaremos ganar. Habr\u00e1 que prepararlo bien y luego veremos. Da igual como ellos est\u00e9n, si est\u00e1n bien o mal, s\u00f3lo preocuparnos de nosotros y de lo que podamos hacer para hacerles da\u00f1o&#8221;, explic\u00f3 el delantero, &#8220;muy feliz de poder jugar&#8221; los derbis para &#8220;dar&#8221; todo lo que tiene para &#8220;hacer ganar al equipo y ayudarlo al m\u00e1ximo&#8221;.<\/p>\n<p style=\"text-align: center;\"><span style=\"color: #3366ff;\"><a href=\"https:\/\/www.futboltotal.com.mx\/futbol-mexicano\/liga-mx\/quien-es-el-mejor-portero-la-liga-mx\/2017\/11\">VER M\u00c1S: \u00bfQui\u00e9n es el mejor portero de la Liga MX?<\/a><\/span><\/p>\n<p>Enfrente tendr\u00e1 a su compatriota Karim Benzema. &#8220;Para m\u00ed es un gran delantero, un amigo y ojal\u00e1 que le vaya bien en todo lo que hace. Siempre aprend\u00eda muchas cosas de \u00e9l en la selecci\u00f3n y ahora igual ha empezado mal por las lesiones, pero conf\u00edo en su nivel para ir arriba&#8221;, declar\u00f3. EFE<\/p>\n","protected":false},"excerpt":{"rendered":"<p>Asegur\u00f3 que solo se ha preocupado en el nacimiento de su hija.<\/p>\n","protected":false},"author":129,"featured_media":507057,"comment_status":"closed","ping_status":"closed","sticky":false,"template":"","format":"standard","meta":[],"categories":[3839,3844],"tags":[5191,6214,6114,1913],"_links":{"self":[{"href":"http:\/\/desarrollo.grupomedios.com\/futbol\/wp-json\/wp\/v2\/posts\/509516"}],"collection":[{"href":"http:\/\/desarrollo.grupomedios.com\/futbol\/wp-json\/wp\/v2\/posts"}],"about":[{"href":"http:\/\/desarrollo.grupomedios.com\/futbol\/wp-json\/wp\/v2\/types\/post"}],"author":[{"embeddable":true,"href":"http:\/\/desarrollo.grupomedios.com\/futbol\/wp-json\/wp\/v2\/users\/129"}],"replies":[{"embeddable":true,"href":"http:\/\/desarrollo.grupomedios.com\/futbol\/wp-json\/wp\/v2\/comments?post=509516"}],"version-history":[{"count":1,"href":"http:\/\/desarrollo.grupomedios.com\/futbol\/wp-json\/wp\/v2\/posts\/509516\/revisions"}],"predecessor-version":[{"id":509519,"href":"http:\/\/desarrollo.grupomedios.com\/futbol\/wp-json\/wp\/v2\/posts\/509516\/revisions\/509519"}],"wp:featuredmedia":[{"embeddable":true,"href":"http:\/\/desarrollo.grupomedios.com\/futbol\/wp-json\/wp\/v2\/media\/507057"}],"wp:attachment":[{"href":"http:\/\/desarrollo.grupomedios.com\/futbol\/wp-json\/wp\/v2\/media?parent=509516"}],"wp:term":[{"taxonomy":"category","embeddable":true,"href":"http:\/\/desarrollo.grupomedios.com\/futbol\/wp-json\/wp\/v2\/categories?post=509516"},{"taxonomy":"post_tag","embeddable":true,"href":"http:\/\/desarrollo.grupomedios.com\/futbol\/wp-json\/wp\/v2\/tags?post=509516"}],"curies":[{"name":"wp","href":"https:\/\/api.w.org\/{rel}","templated":true}]}}