{"id":509517,"date":"2017-11-15T15:55:27","date_gmt":"2017-11-15T21:55:27","guid":{"rendered":"https:\/\/www.futboltotal.com.mx\/?p=509517"},"modified":"2017-11-15T15:55:27","modified_gmt":"2017-11-15T21:55:27","slug":"monarcas-se-jugaria-pase-a-la-liguilla-sin-raul-ruidiaz","status":"publish","type":"post","link":"http:\/\/desarrollo.grupomedios.com\/futbol\/futbol-mexicano\/monarcas-se-jugaria-pase-a-la-liguilla-sin-raul-ruidiaz\/2017\/11","title":{"rendered":"Monarcas se jugar\u00eda el pase a la liguilla sin Ra\u00fal Ruid\u00edaz"},"content":{"rendered":"<p><strong>POR: STAFF FT<\/strong><\/p>\n<p><strong>Monarcas Morelia<\/strong> podr\u00eda tener una dolorosa baja para el duelo de este s\u00e1bado por la noche contra los <strong>Rayos de Necaxa<\/strong> en la Jornada 17, donde se estar\u00edan jugando su pase a la liguilla.<\/p>\n<p>El goleador <strong>Ra\u00fal Ruid\u00edaz<\/strong> no estar\u00eda en el juego contra los Rayos, despu\u00e9s de que este mi\u00e9rcoles sostendr\u00e1 un juego vital con Per\u00fa, quien se juega su pase a la Copa del Mundo, y el delantero estar\u00eda contemplado para ser titular en este vital encuentro.<\/p>\n<p>El estratega<strong> Roberto Hern\u00e1ndez<\/strong> afirm\u00f3 que &#8220;nosotros vamos a tener que esperar hasta el final para ver si el futbolista podr\u00e1 estar para el partido, despu\u00e9s de su participaci\u00f3n con selecci\u00f3n&#8221;.<\/p>\n<p style=\"text-align: center;\"><span style=\"color: #333399;\"><a href=\"https:\/\/www.futboltotal.com.mx\/destacado-home\/apertura-2017-esta-en-juego-en-la-ultima-jornada\/2017\/11\">VER M\u00c1S:\u00a0<span class=\"item-title\">Apertura 2017, \u00bfQu\u00e9 est\u00e1 en juego en la \u00faltima jornada?<\/span><\/a><\/span><\/p>\n<p>Sin embargo, el t\u00e9cnico destac\u00f3 que &#8220;estamos conscientes que no dependemos de un futbolista, y si alguien lo tiene que suplir, lo har\u00e1 de buena manera&#8221;.<\/p>\n<p>Monarcas tendr\u00eda &#8220;una desgracia&#8221; si no logra calificar a la <strong>liguilla del Apertura 2017<\/strong>, sentenci\u00f3 Roberto Hern\u00e1ndez.<\/p>\n","protected":false},"excerpt":{"rendered":"<p>El goleador peruano se perder\u00eda el duelo de la Jornada 17<\/p>\n","protected":false},"author":160,"featured_media":509518,"comment_status":"closed","ping_status":"closed","sticky":false,"template":"","format":"standard","meta":[],"categories":[2198,3845],"tags":[8357,64,85,261,7620,11188],"_links":{"self":[{"href":"http:\/\/desarrollo.grupomedios.com\/futbol\/wp-json\/wp\/v2\/posts\/509517"}],"collection":[{"href":"http:\/\/desarrollo.grupomedios.com\/futbol\/wp-json\/wp\/v2\/posts"}],"about":[{"href":"http:\/\/desarrollo.grupomedios.com\/futbol\/wp-json\/wp\/v2\/types\/post"}],"author":[{"embeddable":true,"href":"http:\/\/desarrollo.grupomedios.com\/futbol\/wp-json\/wp\/v2\/users\/160"}],"replies":[{"embeddable":true,"href":"http:\/\/desarrollo.grupomedios.com\/futbol\/wp-json\/wp\/v2\/comments?post=509517"}],"version-history":[{"count":1,"href":"http:\/\/desarrollo.grupomedios.com\/futbol\/wp-json\/wp\/v2\/posts\/509517\/revisions"}],"predecessor-version":[{"id":509520,"href":"http:\/\/desarrollo.grupomedios.com\/futbol\/wp-json\/wp\/v2\/posts\/509517\/revisions\/509520"}],"wp:featuredmedia":[{"embeddable":true,"href":"http:\/\/desarrollo.grupomedios.com\/futbol\/wp-json\/wp\/v2\/media\/509518"}],"wp:attachment":[{"href":"http:\/\/desarrollo.grupomedios.com\/futbol\/wp-json\/wp\/v2\/media?parent=509517"}],"wp:term":[{"taxonomy":"category","embeddable":true,"href":"http:\/\/desarrollo.grupomedios.com\/futbol\/wp-json\/wp\/v2\/categories?post=509517"},{"taxonomy":"post_tag","embeddable":true,"href":"http:\/\/desarrollo.grupomedios.com\/futbol\/wp-json\/wp\/v2\/tags?post=509517"}],"curies":[{"name":"wp","href":"https:\/\/api.w.org\/{rel}","templated":true}]}}