{"id":509529,"date":"2017-11-15T16:41:16","date_gmt":"2017-11-15T22:41:16","guid":{"rendered":"https:\/\/www.futboltotal.com.mx\/?p=509529"},"modified":"2017-11-15T16:41:16","modified_gmt":"2017-11-15T22:41:16","slug":"los-5-refuerzos-pidio-almeyda-para-chivas","status":"publish","type":"post","link":"http:\/\/desarrollo.grupomedios.com\/futbol\/destacado-home\/los-5-refuerzos-pidio-almeyda-para-chivas\/2017\/11","title":{"rendered":"Los 5 refuerzos que pidi\u00f3 Almeyda para Chivas"},"content":{"rendered":"<p><strong>POR: STAFF FT<\/strong><\/p>\n<p>El estratega de las <strong>Chivas de Guadalajara<\/strong>,<strong> Mat\u00edas Almeyda<\/strong> ha dado a la directiva <strong>Rojiblanca<\/strong> los 5 nombres que desea para reforzar a su plantilla con miras al <strong>Clausura 2018<\/strong>, aunque el actual torneo a\u00fan no ha llegado pero al estar eliminados de <strong>Liga MX y Copa MX<\/strong> es que el argentino ya est\u00e1 pensando en lo que ser\u00e1 el siguiente semestre, a pesar de los rumores que lo ponen fuera del cuadro tapat\u00edo.<\/p>\n<p>El primer refuerzo ser\u00eda en la porter\u00eda, a pesar que la directiva ya est\u00e1 en pl\u00e1ticas con la directiva de Pachuca para retener a <strong>Rodolfo Cota<\/strong>, tiene en la mira al actual guardameta del <strong>Cruz Azul, Jes\u00fas Corona<\/strong>, quien tambi\u00e9n ha sido parte importante de las convocatorias para la Selecci\u00f3n Mexicana y ser\u00eda el arquero que aportar\u00eda todas las garant\u00edas que desea el <strong>&#8216;Pelado&#8217;<\/strong>.<\/p>\n<p style=\"text-align: center;\"><a href=\"https:\/\/www.futboltotal.com.mx\/futbol-internacional\/liga-de-espana\/si-coutinho-llega-a-barcelona-rakitic-se-marchara\/2017\/11\">VER M\u00c1S: Si Coutinho llega a Barcelona, Rakitic se marchar\u00e1<\/a><\/p>\n<p>Por otra parte, hay dos futbolistas de <strong>Santos Laguna<\/strong> que est\u00e1n como pretensiones del estratega, se tratan del defensa, <strong>N\u00e9stor Araujo<\/strong> y el mediocampista\u00a0<b>Walter Gael Sandoval,\u00a0<\/b>aunque este \u00faltimo podr\u00eda complicarse pues su m\u00e1ximo rival, las <strong>\u00c1guilas del Am\u00e9rica<\/strong> tambi\u00e9n estar\u00eda interesado en el juvenil de los Guerreros. Mientras que Araujo se ha convertido en una opci\u00f3n real pues solo tendr\u00edan que negociar con la directiva lagunera.<\/p>\n<p>El \u00faltimo ha sido un anhelo de los Rojiblancos en los \u00faltimos mercados de fichajes, se trata de <strong>El\u00edas Hern\u00e1ndez<\/strong> del <strong>Club Le\u00f3n<\/strong>, el principal problema es que acaba de renovar con los de Guanajuato por tres a\u00f1os y ser\u00eda el m\u00e1s complicado de llegar al cuadro del Reba\u00f1o, de acuerdo con Mediotiempo.<\/p>\n<p style=\"text-align: center;\"><a href=\"https:\/\/www.futboltotal.com.mx\/futbol-mexicano\/liga-mx\/mati-fernandez-dejaria-necaxa-para-jugar-copa-libertadores\/2017\/11\">VER M\u00c1S: Mati Fern\u00e1ndez dejar\u00eda Necaxa para jugar Copa Libertadores<\/a><\/p>\n<p>&nbsp;<\/p>\n","protected":false},"excerpt":{"rendered":"<p>El estratega ya tiene los nombres para reforzar su plantel en el Clausura 2018<\/p>\n","protected":false},"author":159,"featured_media":509534,"comment_status":"closed","ping_status":"closed","sticky":false,"template":"","format":"standard","meta":[],"categories":[5,2198,3845],"tags":[70,332,5443,1420,1972,11066],"_links":{"self":[{"href":"http:\/\/desarrollo.grupomedios.com\/futbol\/wp-json\/wp\/v2\/posts\/509529"}],"collection":[{"href":"http:\/\/desarrollo.grupomedios.com\/futbol\/wp-json\/wp\/v2\/posts"}],"about":[{"href":"http:\/\/desarrollo.grupomedios.com\/futbol\/wp-json\/wp\/v2\/types\/post"}],"author":[{"embeddable":true,"href":"http:\/\/desarrollo.grupomedios.com\/futbol\/wp-json\/wp\/v2\/users\/159"}],"replies":[{"embeddable":true,"href":"http:\/\/desarrollo.grupomedios.com\/futbol\/wp-json\/wp\/v2\/comments?post=509529"}],"version-history":[{"count":1,"href":"http:\/\/desarrollo.grupomedios.com\/futbol\/wp-json\/wp\/v2\/posts\/509529\/revisions"}],"predecessor-version":[{"id":509536,"href":"http:\/\/desarrollo.grupomedios.com\/futbol\/wp-json\/wp\/v2\/posts\/509529\/revisions\/509536"}],"wp:featuredmedia":[{"embeddable":true,"href":"http:\/\/desarrollo.grupomedios.com\/futbol\/wp-json\/wp\/v2\/media\/509534"}],"wp:attachment":[{"href":"http:\/\/desarrollo.grupomedios.com\/futbol\/wp-json\/wp\/v2\/media?parent=509529"}],"wp:term":[{"taxonomy":"category","embeddable":true,"href":"http:\/\/desarrollo.grupomedios.com\/futbol\/wp-json\/wp\/v2\/categories?post=509529"},{"taxonomy":"post_tag","embeddable":true,"href":"http:\/\/desarrollo.grupomedios.com\/futbol\/wp-json\/wp\/v2\/tags?post=509529"}],"curies":[{"name":"wp","href":"https:\/\/api.w.org\/{rel}","templated":true}]}}