{"id":509533,"date":"2017-11-15T16:52:56","date_gmt":"2017-11-15T22:52:56","guid":{"rendered":"https:\/\/www.futboltotal.com.mx\/?p=509533"},"modified":"2017-11-15T16:52:56","modified_gmt":"2017-11-15T22:52:56","slug":"monterrey-vs-america-bajas-pesaran-en-semifinal-de-copa-mx","status":"publish","type":"post","link":"http:\/\/desarrollo.grupomedios.com\/futbol\/destacado-home\/monterrey-vs-america-bajas-pesaran-en-semifinal-de-copa-mx\/2017\/11","title":{"rendered":"Monterrey vs Am\u00e9rica, \u00bfqu\u00e9 bajas pesar\u00e1n m\u00e1s en la semifinal de Copa MX?"},"content":{"rendered":"<p><strong>POR: STAFF FT<\/strong><\/p>\n<p>La semifinal de la <strong>Copa MX<\/strong> entre <strong>Monterrey y Am\u00e9rica<\/strong> se llevar\u00e1 a cabo este mi\u00e9rcoles por la noche en el estadio BBVA Bancomer.<\/p>\n<p>Ser\u00e1 un duelo complicado para los t\u00e9cnicos<strong> Antonio Mohamed y Miguel Herrera<\/strong>, porque tendr\u00e1n que adecuar su equipo tras las bajas que tienen ambas escuadras para la semifinal.<\/p>\n<p>Los Rayados van a encarar este partido con bajas en todas sus \u00e1reas del campo. Los defensas<strong> C\u00e9sar Montes y Stefan Medina<\/strong>, los mediocampistas <strong>Celso Ortiz y Carlos S\u00e1nchez<\/strong>, y el delantero <strong>Avil\u00e9s Hurtado<\/strong> ser\u00e1n los futbolistas que no disputar\u00e1n el encuentro.<\/p>\n<p style=\"text-align: center;\"><span style=\"color: #333399;\"><a href=\"https:\/\/www.futboltotal.com.mx\/futbol-mexicano\/monterrey-vs-america-copa-mx-2017-en-vivo-minuto-a-minuto\/2017\/11\">VER M\u00c1S:\u00a0<span class=\"item-title\">Monterrey vs Am\u00e9rica | Copa MX 2017 | EN VIVO: Minuto a minuto<\/span><\/a><\/span><\/p>\n<p>Las \u00c1guilas &#8220;no cantan mal las rancheras&#8221;, ya que vivir\u00e1n la misma situaci\u00f3n que Monterrey, y no contar\u00e1n con jugadores que forman la columna vertebral del equipo. El arquero <strong>Agust\u00edn Marches\u00edn<\/strong>, el defensa <strong>Edson \u00c1lvarez<\/strong>, el mediocampista <strong>Mateus Uribe<\/strong> y el delantero <strong>Oribe Peralta<\/strong> son las bajas de los azulcremas para la semifinal de Copa MX.<\/p>\n<p>Debido a las bajas, el &#8216;Turco&#8217; y el &#8216;Piojo&#8217; no tienen definidos sus once titulares para el partido entre Rayados y \u00c1guilas en punto de las 20:30 horas.<\/p>\n","protected":false},"excerpt":{"rendered":"<p>Al menos cuatro bajas tendr\u00e1n ambas escuadras para la semifinal de Copa MX<\/p>\n","protected":false},"author":160,"featured_media":509535,"comment_status":"closed","ping_status":"closed","sticky":false,"template":"","format":"standard","meta":[],"categories":[4247,5,2198,3845],"tags":[6118,5959,2069,4129,11104,7096,285,7939,9184,5966,62,5619],"_links":{"self":[{"href":"http:\/\/desarrollo.grupomedios.com\/futbol\/wp-json\/wp\/v2\/posts\/509533"}],"collection":[{"href":"http:\/\/desarrollo.grupomedios.com\/futbol\/wp-json\/wp\/v2\/posts"}],"about":[{"href":"http:\/\/desarrollo.grupomedios.com\/futbol\/wp-json\/wp\/v2\/types\/post"}],"author":[{"embeddable":true,"href":"http:\/\/desarrollo.grupomedios.com\/futbol\/wp-json\/wp\/v2\/users\/160"}],"replies":[{"embeddable":true,"href":"http:\/\/desarrollo.grupomedios.com\/futbol\/wp-json\/wp\/v2\/comments?post=509533"}],"version-history":[{"count":1,"href":"http:\/\/desarrollo.grupomedios.com\/futbol\/wp-json\/wp\/v2\/posts\/509533\/revisions"}],"predecessor-version":[{"id":509537,"href":"http:\/\/desarrollo.grupomedios.com\/futbol\/wp-json\/wp\/v2\/posts\/509533\/revisions\/509537"}],"wp:featuredmedia":[{"embeddable":true,"href":"http:\/\/desarrollo.grupomedios.com\/futbol\/wp-json\/wp\/v2\/media\/509535"}],"wp:attachment":[{"href":"http:\/\/desarrollo.grupomedios.com\/futbol\/wp-json\/wp\/v2\/media?parent=509533"}],"wp:term":[{"taxonomy":"category","embeddable":true,"href":"http:\/\/desarrollo.grupomedios.com\/futbol\/wp-json\/wp\/v2\/categories?post=509533"},{"taxonomy":"post_tag","embeddable":true,"href":"http:\/\/desarrollo.grupomedios.com\/futbol\/wp-json\/wp\/v2\/tags?post=509533"}],"curies":[{"name":"wp","href":"https:\/\/api.w.org\/{rel}","templated":true}]}}