{"id":509548,"date":"2017-11-15T19:58:40","date_gmt":"2017-11-16T01:58:40","guid":{"rendered":"https:\/\/www.futboltotal.com.mx\/?p=509548"},"modified":"2017-11-15T19:58:40","modified_gmt":"2017-11-16T01:58:40","slug":"la-razon-la-jonathan-dos-santos-jugo-america","status":"publish","type":"post","link":"http:\/\/desarrollo.grupomedios.com\/futbol\/futbol-mexicano\/la-razon-la-jonathan-dos-santos-jugo-america\/2017\/11","title":{"rendered":"\u00bfCu\u00e1l es la raz\u00f3n por la que Jonathan Dos Santos no jug\u00f3 con Am\u00e9rica?"},"content":{"rendered":"<p><strong>Jonathan Dos Santos<\/strong> ha pasado por altibajos en el futbol profesional, donde ha vivido momentos muy buenos como su estad\u00eda en el <strong>Villarreal<\/strong> de Espa\u00f1a y la <strong>Selecci\u00f3n Mexicana<\/strong>, pero otros oscuros donde ha <span style=\"color: #333399;\">dejado<\/span> de ser tomado en cuenta por sus entrenadores.<\/p>\n<p>El mediocampista mexicano ha dicho en algunas entrevistas en los \u00faltimos d\u00edas de que le gustar\u00eda en alg\u00fan momento jugar con las <em>\u00c1guilas<\/em> del <strong>Am\u00e9rica<\/strong>.<\/p>\n<p>&#8220;La idea de jugar con las \u00c1guilas del Am\u00e9rica es algo que si me gustar\u00eda y que pas\u00f3 por mi mente, de hecho lo ten\u00eda contemplado&#8221;, se\u00f1al\u00f3 Jonathan.<\/p>\n<p style=\"text-align: center;\"><a href=\"https:\/\/www.futboltotal.com.mx\/destacado-home\/monterrey-vs-america-copa-mx-2017-en-vivo-minuto-a-minuto\/2017\/11\">VER M\u00c1S:\u00a0<span class=\"item-title\">Monterrey vs Am\u00e9rica | Copa MX 2017 | EN VIVO: Minuto a minuto<\/span><\/a><\/p>\n<p>Sin embargo, Dos Santos confes\u00f3 que la raz\u00f3n por la cual no firm\u00f3 con las \u00c1guilas, previo a su llegada al Galaxy de Los Angeles es porque hab\u00eda un preacuerdo de palabra desde hac\u00eda un par de a\u00f1os con la escuadra norteamericana.<\/p>\n<p>&#8220;El Am\u00e9rica habl\u00f3 conmigo, pero yo ya ten\u00eda charlas desde hace dos a\u00f1os con Galaxy&#8221;, sentenci\u00f3.<\/p>\n<p>&nbsp;<\/p>\n<p>&nbsp;<\/p>\n","protected":false},"excerpt":{"rendered":"<p>El mediocampista mexicano quiere jugar en alg\u00fan momento con las \u00c1guilas<\/p>\n","protected":false},"author":160,"featured_media":509549,"comment_status":"closed","ping_status":"closed","sticky":false,"template":"","format":"standard","meta":[],"categories":[2198,3845],"tags":[5959,48,1098],"_links":{"self":[{"href":"http:\/\/desarrollo.grupomedios.com\/futbol\/wp-json\/wp\/v2\/posts\/509548"}],"collection":[{"href":"http:\/\/desarrollo.grupomedios.com\/futbol\/wp-json\/wp\/v2\/posts"}],"about":[{"href":"http:\/\/desarrollo.grupomedios.com\/futbol\/wp-json\/wp\/v2\/types\/post"}],"author":[{"embeddable":true,"href":"http:\/\/desarrollo.grupomedios.com\/futbol\/wp-json\/wp\/v2\/users\/160"}],"replies":[{"embeddable":true,"href":"http:\/\/desarrollo.grupomedios.com\/futbol\/wp-json\/wp\/v2\/comments?post=509548"}],"version-history":[{"count":1,"href":"http:\/\/desarrollo.grupomedios.com\/futbol\/wp-json\/wp\/v2\/posts\/509548\/revisions"}],"predecessor-version":[{"id":509550,"href":"http:\/\/desarrollo.grupomedios.com\/futbol\/wp-json\/wp\/v2\/posts\/509548\/revisions\/509550"}],"wp:featuredmedia":[{"embeddable":true,"href":"http:\/\/desarrollo.grupomedios.com\/futbol\/wp-json\/wp\/v2\/media\/509549"}],"wp:attachment":[{"href":"http:\/\/desarrollo.grupomedios.com\/futbol\/wp-json\/wp\/v2\/media?parent=509548"}],"wp:term":[{"taxonomy":"category","embeddable":true,"href":"http:\/\/desarrollo.grupomedios.com\/futbol\/wp-json\/wp\/v2\/categories?post=509548"},{"taxonomy":"post_tag","embeddable":true,"href":"http:\/\/desarrollo.grupomedios.com\/futbol\/wp-json\/wp\/v2\/tags?post=509548"}],"curies":[{"name":"wp","href":"https:\/\/api.w.org\/{rel}","templated":true}]}}