{"id":509580,"date":"2017-11-16T08:52:48","date_gmt":"2017-11-16T14:52:48","guid":{"rendered":"https:\/\/www.futboltotal.com.mx\/?p=509580"},"modified":"2017-11-16T08:52:48","modified_gmt":"2017-11-16T14:52:48","slug":"hugo-sanchez-esta-interesado-en-dirigir-a-pumas","status":"publish","type":"post","link":"http:\/\/desarrollo.grupomedios.com\/futbol\/destacado-home\/hugo-sanchez-esta-interesado-en-dirigir-a-pumas\/2017\/11","title":{"rendered":"Hugo S\u00e1nchez est\u00e1 interesado en dirigir a Pumas"},"content":{"rendered":"<p>POR: STAFF FT<\/p>\n<p>Luego del mal torneo que ha vivido<strong> Pumas de la UNAM<\/strong> en el actual<strong> Apertura 2017<\/strong>, el \u00eddolo de los auriazules, <strong>Hugo S\u00e1nchez<\/strong> estar\u00eda dispuesto a regresar con los auriazules, pues si necesitan su ayuda el no puede decirlo no a la que ha sido su casa, as\u00ed el <strong>Pentapichichi<\/strong> abri\u00f3 la puerta para volver a dirigir a los <strong>Pumas<\/strong>, equipo con el que logr\u00f3 ser <strong>Bicampe\u00f3n<\/strong> de liga en <strong>2004<\/strong>.<\/p>\n<p>El torneo comenz\u00f3 con <strong>Juan Francisco Palencia <\/strong>al frente, posteriormente lleg\u00f3 <strong>Sergio Egea<\/strong> y posteriormente\u00a0<strong>David Pati\u00f1o\u00a0<\/strong>tom\u00f3 el mando, actualmente est\u00e1n ubicados en el \u00faltimo lugar de la tabla con 12 puntos.<\/p>\n<p style=\"text-align: center;\"><a href=\"https:\/\/www.futboltotal.com.mx\/copa-mundial-de-futbol-2018\/principales-home-mundial\/asi-quedan-los-32-equipos-la-copa-del-mundo-rusia-2018\">VER M\u00c1S: As\u00ed quedan los 32 equipos de la Copa del Mundo de Rusia 2018<\/a><\/p>\n<p>\u201cMe da cierta tristeza el ver que est\u00e1n teniendo problemas y dificultades. Ojal\u00e1 que haya un revulsivo para que mejoren y se reconduzca la nave.\u00a0\u00a0Eso (si volver\u00eda\u00a0a\u00a0<strong>Pumas<\/strong>) ser\u00e1 cuesti\u00f3n de que <strong>es mi casa y cuando me necesiten por supuesto que podr\u00e9 ayudar<\/strong>\u201d, expres\u00f3 Hugo S\u00e1nchez en el Beyond Sport Mexico, congreso de responsabilidad social del deporte en M\u00e9xico.<\/p>\n<blockquote class=\"twitter-video\" data-lang=\"es\">\n<p dir=\"ltr\" lang=\"es\"><a href=\"https:\/\/twitter.com\/hugosanchez_9?ref_src=twsrc%5Etfw\">@hugosanchez_9<\/a> sobre los <a href=\"https:\/\/twitter.com\/PumasMX?ref_src=twsrc%5Etfw\">@PumasMX<\/a> <a href=\"https:\/\/twitter.com\/Univ_Deportivo?ref_src=twsrc%5Etfw\">@Univ_Deportivo<\/a> <a href=\"https:\/\/t.co\/1733GJMXER\">pic.twitter.com\/1733GJMXER<\/a><\/p>\n<p>\u2014 Adri (@Adrix_2014) <a href=\"https:\/\/twitter.com\/Adrix_2014\/status\/931013131001667584?ref_src=twsrc%5Etfw\">16 de noviembre de 2017<\/a><\/p><\/blockquote>\n<p><script async src=\"https:\/\/platform.twitter.com\/widgets.js\" charset=\"utf-8\"><\/script><\/p>\n<p>Para no quedar en el \u00faltimo puesto de la tabla general, los universitarios requieren de vencer al conjunto de <strong>Quer\u00e9taro<\/strong> y que <strong>Veracruz<\/strong> pierda ante <strong>Cruz Azul<\/strong>, este hecho ya lo han vivido los auriazules en el <strong>Apertura 2013<\/strong> y en el<strong> Invierno 2001<\/strong> donde se qued\u00f3 en el s\u00f3tano de la clasificaci\u00f3n.<\/p>\n<p>\u201c<strong>Con una propuesta interesante podr\u00eda animarme a regresar a dirigir<\/strong>. Me gusta mucho, despu\u00e9s de ser jugador lo que m\u00e1s me gusta ser es entrenador, mientras tanto no me la paso mal como analista y comentarista\u201d, mencion\u00f3\u00a0<strong>S\u00e1nchez.<\/strong><\/p>\n<p style=\"text-align: center;\"><a href=\"https:\/\/www.futboltotal.com.mx\/futbol-internacional\/liga-de-espana\/si-coutinho-llega-a-barcelona-rakitic-se-marchara\/2017\/11\">VER M\u00c1S: Si Coutinho llega a Barcelona, Rakitic se marchar\u00e1<\/a><\/p>\n","protected":false},"excerpt":{"rendered":"<p>El \u00eddolo universitario estar\u00eda dispuesto a regresar con el equipo que fue bicampe\u00f3n<\/p>\n","protected":false},"author":159,"featured_media":509581,"comment_status":"closed","ping_status":"closed","sticky":false,"template":"","format":"standard","meta":[],"categories":[5,2198,3845],"tags":[8357,448,64,74],"_links":{"self":[{"href":"http:\/\/desarrollo.grupomedios.com\/futbol\/wp-json\/wp\/v2\/posts\/509580"}],"collection":[{"href":"http:\/\/desarrollo.grupomedios.com\/futbol\/wp-json\/wp\/v2\/posts"}],"about":[{"href":"http:\/\/desarrollo.grupomedios.com\/futbol\/wp-json\/wp\/v2\/types\/post"}],"author":[{"embeddable":true,"href":"http:\/\/desarrollo.grupomedios.com\/futbol\/wp-json\/wp\/v2\/users\/159"}],"replies":[{"embeddable":true,"href":"http:\/\/desarrollo.grupomedios.com\/futbol\/wp-json\/wp\/v2\/comments?post=509580"}],"version-history":[{"count":1,"href":"http:\/\/desarrollo.grupomedios.com\/futbol\/wp-json\/wp\/v2\/posts\/509580\/revisions"}],"predecessor-version":[{"id":509582,"href":"http:\/\/desarrollo.grupomedios.com\/futbol\/wp-json\/wp\/v2\/posts\/509580\/revisions\/509582"}],"wp:featuredmedia":[{"embeddable":true,"href":"http:\/\/desarrollo.grupomedios.com\/futbol\/wp-json\/wp\/v2\/media\/509581"}],"wp:attachment":[{"href":"http:\/\/desarrollo.grupomedios.com\/futbol\/wp-json\/wp\/v2\/media?parent=509580"}],"wp:term":[{"taxonomy":"category","embeddable":true,"href":"http:\/\/desarrollo.grupomedios.com\/futbol\/wp-json\/wp\/v2\/categories?post=509580"},{"taxonomy":"post_tag","embeddable":true,"href":"http:\/\/desarrollo.grupomedios.com\/futbol\/wp-json\/wp\/v2\/tags?post=509580"}],"curies":[{"name":"wp","href":"https:\/\/api.w.org\/{rel}","templated":true}]}}