{"id":509585,"date":"2017-11-16T09:47:41","date_gmt":"2017-11-16T15:47:41","guid":{"rendered":"https:\/\/www.futboltotal.com.mx\/?p=509585"},"modified":"2017-11-16T10:06:26","modified_gmt":"2017-11-16T16:06:26","slug":"puebla-vs-lobos-buap-se-une-a-los-nuevos-derbis-la-liga-mx","status":"publish","type":"post","link":"http:\/\/desarrollo.grupomedios.com\/futbol\/videos\/puebla-vs-lobos-buap-se-une-a-los-nuevos-derbis-la-liga-mx\/2017\/11","title":{"rendered":"Puebla vs Lobos Buap se une a los nuevos &#8216;derbis&#8217; de la Liga MX"},"content":{"rendered":"<p>La <strong>Jornada 17<\/strong> del torneo de <strong>Apertura 2017<\/strong> del futbol mexicano har\u00e1 historia cuando se enfrenten <strong>Puebla vs Lobos BUAP<\/strong> y se unan a los nuevos &#8216;derbis&#8217; que tiene la Liga MX.<\/p>\n<p>El duelo entre los equipos poblanos se dar\u00e1 en la cancha del estadio Cuauht\u00e9moc y ser\u00e1 el primer enfrentamiento oficicial en Primera Divisi\u00f3n entre estos equipos.<\/p>\n<p style=\"text-align: center;\"><span style=\"color: #3366ff;\"><a href=\"https:\/\/www.futboltotal.com.mx\/futbol-mexicano\/liga-mx\/lobos-buap-compraria-a-amaury-escoto-despues-venderlo-a-chivas\/2017\/11\">VER M\u00c1S: Lobos Buap comprar\u00eda a Amaury Escoto para despu\u00e9s venderlo a Chivas<\/a><\/span><\/p>\n<p>[video_player]https:\/\/player.vimeo.com\/external\/243013824.hd.mp4?s=c25b46248937e4956c88718899ae718cbfb46ca9&amp;profile_id=174[\/video_player]<\/p>\n","protected":false},"excerpt":{"rendered":"<p>Los equipos poblanos disputar\u00e1n su primer Derbi en el Cuauht\u00e9moc.<\/p>\n","protected":false},"author":129,"featured_media":509588,"comment_status":"closed","ping_status":"closed","sticky":false,"template":"","format":"standard","meta":[],"categories":[7570,2198,3845,4],"tags":[8357,11195,64,431,5969,11194],"_links":{"self":[{"href":"http:\/\/desarrollo.grupomedios.com\/futbol\/wp-json\/wp\/v2\/posts\/509585"}],"collection":[{"href":"http:\/\/desarrollo.grupomedios.com\/futbol\/wp-json\/wp\/v2\/posts"}],"about":[{"href":"http:\/\/desarrollo.grupomedios.com\/futbol\/wp-json\/wp\/v2\/types\/post"}],"author":[{"embeddable":true,"href":"http:\/\/desarrollo.grupomedios.com\/futbol\/wp-json\/wp\/v2\/users\/129"}],"replies":[{"embeddable":true,"href":"http:\/\/desarrollo.grupomedios.com\/futbol\/wp-json\/wp\/v2\/comments?post=509585"}],"version-history":[{"count":1,"href":"http:\/\/desarrollo.grupomedios.com\/futbol\/wp-json\/wp\/v2\/posts\/509585\/revisions"}],"predecessor-version":[{"id":509590,"href":"http:\/\/desarrollo.grupomedios.com\/futbol\/wp-json\/wp\/v2\/posts\/509585\/revisions\/509590"}],"wp:featuredmedia":[{"embeddable":true,"href":"http:\/\/desarrollo.grupomedios.com\/futbol\/wp-json\/wp\/v2\/media\/509588"}],"wp:attachment":[{"href":"http:\/\/desarrollo.grupomedios.com\/futbol\/wp-json\/wp\/v2\/media?parent=509585"}],"wp:term":[{"taxonomy":"category","embeddable":true,"href":"http:\/\/desarrollo.grupomedios.com\/futbol\/wp-json\/wp\/v2\/categories?post=509585"},{"taxonomy":"post_tag","embeddable":true,"href":"http:\/\/desarrollo.grupomedios.com\/futbol\/wp-json\/wp\/v2\/tags?post=509585"}],"curies":[{"name":"wp","href":"https:\/\/api.w.org\/{rel}","templated":true}]}}