{"id":509586,"date":"2017-11-16T09:47:36","date_gmt":"2017-11-16T15:47:36","guid":{"rendered":"https:\/\/www.futboltotal.com.mx\/?p=509586"},"modified":"2017-11-16T09:47:57","modified_gmt":"2017-11-16T15:47:57","slug":"chicharito-desmiente-acercamiento-chivas","status":"publish","type":"post","link":"http:\/\/desarrollo.grupomedios.com\/futbol\/futbol-mexicano\/chicharito-desmiente-acercamiento-chivas\/2017\/11","title":{"rendered":"Chicharito desmiente acercamiento con Chivas"},"content":{"rendered":"<p><strong>POR: EFE<\/strong><\/p>\n<p>El mexicano <strong>Javier &#8216;<span class=\"classCadenaBusqueda\">Chicharito<\/span>&#8216; Hern\u00e1ndez<\/strong> ha negado este jueves categ\u00f3ricamente las informaciones que aseguran que quiere dejar el <strong>West Ham Unitad<\/strong> el pr\u00f3ximo mes de enero y ha reiterado su compromiso con el conjunto ingl\u00e9s.<\/p>\n<p>&#8216;<span class=\"classCadenaBusqueda\">Chicharito<\/span>&#8216;, de 29 a\u00f1os, lleg\u00f3 el pasado verano al West Ham procedente el Bayer Leverkusen por <strong>16 millones de libras,<\/strong> pero las \u00faltimas semanas se ha rumoreado sobre un posible traspaso al Chivas en el mercado invernal.<\/p>\n<p>El ariete, sin embargo, ha salido al paso de las informaciones y ha afirmado que son <strong>&#8220;completamente falsas&#8221;<\/strong> y que est\u00e1 &#8220;100% comprometido a ayudar a mejorar la situaci\u00f3n&#8221; del equipo del este de Londres, que marcha en decimoctava posici\u00f3n de la Premier League, en puestos de descenso.<\/p>\n<p style=\"text-align: center;\"><a href=\"https:\/\/www.futboltotal.com.mx\/futbol-mexicano\/liga-mx\/hugo-sanchez-esta-interesado-en-dirigir-a-pumas\/2017\/11\">VER M\u00c1S: Hugo S\u00e1nchez est\u00e1 interesado en dirigir a Pumas<\/a><\/p>\n<p>&#8220;Completamente falso. Estoy 100% comprometido en ayudar a mejorar la situaci\u00f3n que estamos viviendo todos en West Ham. Y como siempre lo digo: soy <strong>#chivadecoraz\u00f3n<\/strong>, pero no he pedido salir del West Ham en ning\u00fan momento&#8221;, public\u00f3 <strong>&#8216;<span class=\"classCadenaBusqueda\">Chicharito<\/span>&#8216;<\/strong> en su cuenta oficial de Twitter.<\/p>\n<blockquote class=\"twitter-tweet\" data-lang=\"es\">\n<p dir=\"ltr\" lang=\"en\">\u201cThe news is completely false&#8230;&#8221;<a href=\"https:\/\/t.co\/YFvihlrRbm\">https:\/\/t.co\/YFvihlrRbm<\/a><\/p>\n<p>\u2014 West Ham United (@WestHamUtd) <a href=\"https:\/\/twitter.com\/WestHamUtd\/status\/931166470654046209?ref_src=twsrc%5Etfw\">16 de noviembre de 2017<\/a><\/p><\/blockquote>\n<p><script async src=\"https:\/\/platform.twitter.com\/widgets.js\" charset=\"utf-8\"><\/script><\/p>\n<p>El West Ham destituy\u00f3 el pasado lunes 6 de noviembre al t\u00e9cnico croata <strong>Slaven Bilic<\/strong> despu\u00e9s de un p\u00e9simo arranque de temporada y lo reemplaz\u00f3 un d\u00eda despu\u00e9s por el escoc\u00e9s <strong>David Moyes<\/strong>, antiguo entrenador de <strong>Everton, Manchester United, Real Sociedad y Sunderland<\/strong>.<\/p>\n<p>&#8216;<span class=\"classCadenaBusqueda\">Chicharito<\/span>&#8216; sali\u00f3 lesionado en el partido internacional amistoso de la selecci\u00f3n mexicana contra B\u00e9lgica (3-3) el pasado viernes y se perder\u00e1, con toda seguridad, el primer encuentro de Moyes en el banquillo de los<strong> &#8216;Hammers&#8217;<\/strong>: el domingo 19 de noviembre en Vicarage Road ante el Watford.<\/p>\n<p style=\"text-align: center;\"><a href=\"https:\/\/www.futboltotal.com.mx\/futbol-mexicano\/liga-mx\/los-5-refuerzos-pidio-almeyda-para-chivas\/2017\/11\">VER M\u00c1S: Los 5 refuerzos que pidi\u00f3 Almeyda para Chivas<\/a><\/p>\n<p>&nbsp;<\/p>\n","protected":false},"excerpt":{"rendered":"<p>EL delantero azteca no pretende dejar la Premier League<\/p>\n","protected":false},"author":159,"featured_media":509587,"comment_status":"closed","ping_status":"closed","sticky":false,"template":"","format":"standard","meta":[],"categories":[2198,3845],"tags":[120,549,70,3901],"_links":{"self":[{"href":"http:\/\/desarrollo.grupomedios.com\/futbol\/wp-json\/wp\/v2\/posts\/509586"}],"collection":[{"href":"http:\/\/desarrollo.grupomedios.com\/futbol\/wp-json\/wp\/v2\/posts"}],"about":[{"href":"http:\/\/desarrollo.grupomedios.com\/futbol\/wp-json\/wp\/v2\/types\/post"}],"author":[{"embeddable":true,"href":"http:\/\/desarrollo.grupomedios.com\/futbol\/wp-json\/wp\/v2\/users\/159"}],"replies":[{"embeddable":true,"href":"http:\/\/desarrollo.grupomedios.com\/futbol\/wp-json\/wp\/v2\/comments?post=509586"}],"version-history":[{"count":1,"href":"http:\/\/desarrollo.grupomedios.com\/futbol\/wp-json\/wp\/v2\/posts\/509586\/revisions"}],"predecessor-version":[{"id":509589,"href":"http:\/\/desarrollo.grupomedios.com\/futbol\/wp-json\/wp\/v2\/posts\/509586\/revisions\/509589"}],"wp:featuredmedia":[{"embeddable":true,"href":"http:\/\/desarrollo.grupomedios.com\/futbol\/wp-json\/wp\/v2\/media\/509587"}],"wp:attachment":[{"href":"http:\/\/desarrollo.grupomedios.com\/futbol\/wp-json\/wp\/v2\/media?parent=509586"}],"wp:term":[{"taxonomy":"category","embeddable":true,"href":"http:\/\/desarrollo.grupomedios.com\/futbol\/wp-json\/wp\/v2\/categories?post=509586"},{"taxonomy":"post_tag","embeddable":true,"href":"http:\/\/desarrollo.grupomedios.com\/futbol\/wp-json\/wp\/v2\/tags?post=509586"}],"curies":[{"name":"wp","href":"https:\/\/api.w.org\/{rel}","templated":true}]}}