{"id":509598,"date":"2017-11-16T10:47:14","date_gmt":"2017-11-16T16:47:14","guid":{"rendered":"https:\/\/www.futboltotal.com.mx\/?p=509598"},"modified":"2017-11-16T10:47:14","modified_gmt":"2017-11-16T16:47:14","slug":"bayern-munich-elige-a-sandro-wagner-refuerzo","status":"publish","type":"post","link":"http:\/\/desarrollo.grupomedios.com\/futbol\/futbol-internacional\/bayern-munich-elige-a-sandro-wagner-refuerzo\/2017\/11","title":{"rendered":"Bayern Munich elige a Sandro Wagner como refuerzo"},"content":{"rendered":"<p><strong>POR: STAFF FT<\/strong><\/p>\n<aside class=\"sp-add\">\n<div class=\"creatividad\">\n<div id=\"div-gpt-ad-sps1\" data-adslot-responsive=\"\" data-adslot-id=\"sps1\" data-google-query-id=\"CIrX5vrBw9cCFUePaQodnDgLnw\">\n<div id=\"google_ads_iframe_\/45462163\/sport.es\/futbol-internacional\/alemania\/noticias\/sps1_0__container__\">El <strong>Bayern Munich<\/strong> habr\u00eda escuchado la petici\u00f3n de su delantero estrella, <strong>Robert Lewandowski<\/strong> y habr\u00eda buscado un delantero que pueda servir para dar descanso al polaco, el nombre que surge es el del atacante del\u00a0<strong>Hoffenheim, Sandro Wagner<\/strong>, as\u00f3 lo ha confirmado el estratega del club,\u00a0<strong>Julian Nagelsmann<\/strong>, quien indic\u00f3 que existe un inter\u00e9s real por el jugador,<\/div>\n<\/div>\n<\/div>\n<\/aside>\n<div class=\"row\">\n<div class=\"col-xs-12 col-sm-12 col-md-12 col-lg-12 col editor\">\n<p>En declaraciones para el diario Bild, el estratega confirm\u00f3 que el delantero ha solicitado su salida del\u00a0<strong>Hoffenheim,\u00a0<\/strong>luego que surgiera el inter\u00e9s del cuadro b\u00e1varo:\u00a0&#8220;<strong>sabemos desde hace tiempo del inter\u00e9s del Bayern en Sandro<\/strong>. No es nada nuevo para nosotros. Pero como con cualquiera de nuestros jugadores, solo anunciamos algo cuando hay algo que anunciar&#8221;.<\/p>\n<p style=\"text-align: center;\"><a href=\"https:\/\/www.futboltotal.com.mx\/futbol-mexicano\/liga-mx\/pumas-tiene-en-la-mira-a-paraguayo-walter-gonzalez\/2017\/11\">VER M\u00c1S: Pumas tiene en la mira a paraguayo, Walter Gonz\u00e1lez<\/a><\/p>\n<p>El atacante de 29 a\u00f1os, es oriundo de Munich y se form\u00f3 en el Bayern: &#8220;intento ponerme en la posici\u00f3n del jugador y luego hay una an\u00e1lisis de la situaci\u00f3n que discuto con \u00e9l.\u00a0<strong>Todos sabemos que Sandro tiene familia en M\u00fanich<\/strong>. No hay ning\u00fan tipo de queja en ese sentido&#8221;, asegur\u00f3\u00a0<strong>Nagelsmann.<\/strong><\/p>\n<p>Julian no ver\u00eda con malos ojos esta salida, pues de igual manera podr\u00eda ser reclutado por los b\u00e1varos para la pr\u00f3xima temporada, su nombre ha aparecido entre los candidatos para tomar las riendas del club una vez que termine la presente temporada, a pesar que <strong>Jupp Heynckes<\/strong> ha tomado el mando para este a\u00f1o futbol\u00edstico.<\/p>\n<p style=\"text-align: center;\"><a href=\"https:\/\/www.futboltotal.com.mx\/futbol-internacional\/liga-de-inglaterra\/mourinho-revela-zlatan-volvera-finalizar-2017\/2017\/11\">VER M\u00c1S: Mourinho revela que Zlatan volver\u00e1 antes de finalizar el 2017<\/a><\/p>\n<\/div>\n<\/div>\n","protected":false},"excerpt":{"rendered":"<p>El cuadro b\u00e1varo ya tendr\u00eda un suplente para Robert Lewandowski<\/p>\n","protected":false},"author":159,"featured_media":509599,"comment_status":"closed","ping_status":"closed","sticky":false,"template":"","format":"standard","meta":[],"categories":[9808,7740,3839],"tags":[2056,7879,11197],"_links":{"self":[{"href":"http:\/\/desarrollo.grupomedios.com\/futbol\/wp-json\/wp\/v2\/posts\/509598"}],"collection":[{"href":"http:\/\/desarrollo.grupomedios.com\/futbol\/wp-json\/wp\/v2\/posts"}],"about":[{"href":"http:\/\/desarrollo.grupomedios.com\/futbol\/wp-json\/wp\/v2\/types\/post"}],"author":[{"embeddable":true,"href":"http:\/\/desarrollo.grupomedios.com\/futbol\/wp-json\/wp\/v2\/users\/159"}],"replies":[{"embeddable":true,"href":"http:\/\/desarrollo.grupomedios.com\/futbol\/wp-json\/wp\/v2\/comments?post=509598"}],"version-history":[{"count":2,"href":"http:\/\/desarrollo.grupomedios.com\/futbol\/wp-json\/wp\/v2\/posts\/509598\/revisions"}],"predecessor-version":[{"id":509601,"href":"http:\/\/desarrollo.grupomedios.com\/futbol\/wp-json\/wp\/v2\/posts\/509598\/revisions\/509601"}],"wp:featuredmedia":[{"embeddable":true,"href":"http:\/\/desarrollo.grupomedios.com\/futbol\/wp-json\/wp\/v2\/media\/509599"}],"wp:attachment":[{"href":"http:\/\/desarrollo.grupomedios.com\/futbol\/wp-json\/wp\/v2\/media?parent=509598"}],"wp:term":[{"taxonomy":"category","embeddable":true,"href":"http:\/\/desarrollo.grupomedios.com\/futbol\/wp-json\/wp\/v2\/categories?post=509598"},{"taxonomy":"post_tag","embeddable":true,"href":"http:\/\/desarrollo.grupomedios.com\/futbol\/wp-json\/wp\/v2\/tags?post=509598"}],"curies":[{"name":"wp","href":"https:\/\/api.w.org\/{rel}","templated":true}]}}