{"id":509605,"date":"2017-11-16T11:36:12","date_gmt":"2017-11-16T17:36:12","guid":{"rendered":"https:\/\/www.futboltotal.com.mx\/?p=509605"},"modified":"2017-11-16T11:36:12","modified_gmt":"2017-11-16T17:36:12","slug":"fc-juarez-correcaminos-toman-ventaja-en-ascenso-mx","status":"publish","type":"post","link":"http:\/\/desarrollo.grupomedios.com\/futbol\/futbol-mexicano\/fc-juarez-correcaminos-toman-ventaja-en-ascenso-mx\/2017\/11","title":{"rendered":"FC Ju\u00e1rez y Correcaminos toman ventaja en Ascenso MX"},"content":{"rendered":"<p><strong>POR: STAFF FT<\/strong><\/p>\n<p>Comenz\u00f3 la liguilla del<strong> Ascenso MX<\/strong> con dos juegos de ida de <strong>Cuartos de Final<\/strong> en donde <strong>FC Ju\u00e1rez<\/strong> y <strong>Correcaminos de la UAT<\/strong> fueron capaces de tomar ventaja en sus respectivos encuentros, tendiendo as\u00ed un camino m\u00e1s c\u00f3modo para acceder a la siguiente ronda.<\/p>\n<p><strong>Correcaminos dej\u00f3 ir la goleada y gan\u00f3 por la m\u00ednima<\/strong><\/p>\n<p>En el encuentro entre Correcaminos vs Celaya, los locales comenzaron perdiendo, luego de una extraordinaria jugada en al que\u00a0<strong>Diego de la Tejera, Sa\u00fal Toloza, Alfredo Moreno y Facundo Ju\u00e1rez<\/strong> participaron para hacer un gol de alta manufactura apenas al minuto 4.<\/p>\n<p>R\u00e1pido responder\u00eda Correcaminos con gol de <strong>Daniel Rivero<\/strong>, quien a los diez minutos se plant\u00f3 en un mano a mano frente al guardameta y anot\u00f3 el gol del empate<\/p>\n<p>Los de la UAT lograron darle vuelta al marcador gracias a un gol de\u00a0<strong>Jos\u00e9 David Ram\u00edrez<\/strong> que puso adelante a los suyos gracias a un derechazo. Posteriormente, <strong>Daniel Rivero<\/strong> anot\u00f3 su doblete aprovechando un desv\u00edo mandando el bal\u00f3n a las redes al minuto 64. La fiesta parec\u00eda completarse con un gol de<strong>\u00a0\u00d3scar S\u00e1nchez<\/strong> al minuto 82, un marcador lapidario pero Toros no baj\u00f3 los brazos.<\/p>\n<p>Reaccion\u00f3 de forma importante e hizo dos goles\u00a0<strong>Rafael Murgu\u00eda y Leobardo L\u00f3pez<\/strong> , el primero desviando un disparo y el segundo con su sello particular, un remate de cabeza, que sin duda los regres\u00f3 a la vida para dar forma al 4-3 final.<\/p>\n<p><iframe loading=\"lazy\" src=\"https:\/\/www.youtube.com\/embed\/RxoGtMYyA3U?feature=oembed\" frameborder=\"0\" gesture=\"media\" allowfullscreen><\/iframe><\/p>\n<p style=\"text-align: center;\"><a href=\"https:\/\/www.futboltotal.com.mx\/futbol-mexicano\/liga-mx\/pumas-tiene-en-la-mira-a-paraguayo-walter-gonzalez\/2017\/11\">VER M\u00c1S: Pumas tiene en la mira a paraguayo, Walter Gonz\u00e1lez<\/a><\/p>\n<p><strong>FC Ju\u00e1rez se perfila a las semifinales<\/strong><\/p>\n<p><strong>Venados de M\u00e9rida<\/strong> se vieron sorprendidos como locales, luego que <strong>FC Ju\u00e1rez<\/strong> llegara a vencerlos y dejarlos en la lona con un paso fuera de la liguilla.\u00a0<strong>Gabriel B\u00e1ez<\/strong> sali\u00f3 expulsado y puso en predicamentos a los de M\u00e9rida apenas al minuto 28, luego de recibir doble tarjeta amarilla.<\/p>\n<p>Los fronterizos aprovecharon una gran jugada de\u00a0<strong>Magno Aparecido<\/strong> quien con un gran desborde por la banda izquierda mando un centro que\u00a0Rodrigo Prieto mand\u00f3 a guardar con un cabezazo al minuto 35. <strong>Franco Far\u00eda<\/strong> tuvo la oportunidad de empatar el encuentro antes de finalizar la primera parte, pero la desperdici\u00f3 en una acci\u00f3n que pudo haber cambiado el partido.<\/p>\n<p>Cuando el partido agonizaba y parec\u00eda que los visitantes se ir\u00edan con un gol a favor a su casa, apareci\u00f3 <strong>Josu\u00e9 G\u00f3mez<\/strong> quien con un disparo cruzado puso el segundo gol que parece definitivo en la serie al minuto 81, con lo que Venados intent\u00f3 irse con todo al frente en los minutos restantes pero sin lograr rescatar nada.<\/p>\n<p><iframe loading=\"lazy\" src=\"https:\/\/www.youtube.com\/embed\/A5EBzD1a2Gs?feature=oembed\" frameborder=\"0\" gesture=\"media\" allowfullscreen><\/iframe><\/p>\n<p>Ambos duelos de vuelta ser\u00e1n el pr\u00f3ximo s\u00e1bado, mientras que este jueves ser\u00e1n los encuentro entre <strong>Alebrijes de Oaxaca vs Club Atl\u00e9tico Zacatepec<\/strong> y <strong>Mineros de Zacatecas vs TM Futbol Club<\/strong>.<\/p>\n<p style=\"text-align: center;\"><a href=\"https:\/\/www.futboltotal.com.mx\/futbol-internacional\/liga-de-inglaterra\/mourinho-revela-zlatan-volvera-finalizar-2017\/2017\/11\">VER M\u00c1S: Mourinho revela que Zlatan volver\u00e1 antes de finalizar el 2017<\/a><\/p>\n","protected":false},"excerpt":{"rendered":"<p>La liguilla del Ascenso MX comenz\u00f3  con dos buenos partidos<\/p>\n","protected":false},"author":159,"featured_media":509606,"comment_status":"closed","ping_status":"closed","sticky":false,"template":"","format":"standard","meta":[],"categories":[3843,2198],"tags":[432,2502,61,6558,9227],"_links":{"self":[{"href":"http:\/\/desarrollo.grupomedios.com\/futbol\/wp-json\/wp\/v2\/posts\/509605"}],"collection":[{"href":"http:\/\/desarrollo.grupomedios.com\/futbol\/wp-json\/wp\/v2\/posts"}],"about":[{"href":"http:\/\/desarrollo.grupomedios.com\/futbol\/wp-json\/wp\/v2\/types\/post"}],"author":[{"embeddable":true,"href":"http:\/\/desarrollo.grupomedios.com\/futbol\/wp-json\/wp\/v2\/users\/159"}],"replies":[{"embeddable":true,"href":"http:\/\/desarrollo.grupomedios.com\/futbol\/wp-json\/wp\/v2\/comments?post=509605"}],"version-history":[{"count":1,"href":"http:\/\/desarrollo.grupomedios.com\/futbol\/wp-json\/wp\/v2\/posts\/509605\/revisions"}],"predecessor-version":[{"id":509608,"href":"http:\/\/desarrollo.grupomedios.com\/futbol\/wp-json\/wp\/v2\/posts\/509605\/revisions\/509608"}],"wp:featuredmedia":[{"embeddable":true,"href":"http:\/\/desarrollo.grupomedios.com\/futbol\/wp-json\/wp\/v2\/media\/509606"}],"wp:attachment":[{"href":"http:\/\/desarrollo.grupomedios.com\/futbol\/wp-json\/wp\/v2\/media?parent=509605"}],"wp:term":[{"taxonomy":"category","embeddable":true,"href":"http:\/\/desarrollo.grupomedios.com\/futbol\/wp-json\/wp\/v2\/categories?post=509605"},{"taxonomy":"post_tag","embeddable":true,"href":"http:\/\/desarrollo.grupomedios.com\/futbol\/wp-json\/wp\/v2\/tags?post=509605"}],"curies":[{"name":"wp","href":"https:\/\/api.w.org\/{rel}","templated":true}]}}