{"id":509620,"date":"2017-11-16T14:13:02","date_gmt":"2017-11-16T20:13:02","guid":{"rendered":"https:\/\/www.futboltotal.com.mx\/?p=509620"},"modified":"2017-11-16T14:19:25","modified_gmt":"2017-11-16T20:19:25","slug":"exclusiva-chaco-gimenez-habla-jemez-cruz-azul-liguilla","status":"publish","type":"post","link":"http:\/\/desarrollo.grupomedios.com\/futbol\/videos\/exclusiva-chaco-gimenez-habla-jemez-cruz-azul-liguilla\/2017\/11","title":{"rendered":"EXCLUSIVA: Chaco Gim\u00e9nez habla de J\u00e9mez, Cruz Azul y liguilla"},"content":{"rendered":"<p><strong>POR: STAFF FT<\/strong><\/p>\n<p>El mediocampista y estandarte de <strong>Cruz Azul<\/strong>, <strong>Christian &#8216;Chaco&#8217; Gim\u00e9nez<\/strong>, habl\u00f3 en exclusiva para <strong>FUTBOL TOTAL<\/strong> sobre la actualidad que vive el cuadro celeste y lo que le ha inyectado el estratega <strong>Paco J\u00e9mez<\/strong>, a pesar de ser cuestionado en \u00faltimas semanas, adem\u00e1s de la importancia del duelo ante Veracruz este fin de semana.<\/p>\n<p style=\"text-align: center;\"><a href=\"https:\/\/www.futboltotal.com.mx\/mls\/cristiano-ronaldo-carlos-vela-serian-la-delantera-los-angeles-fc\/2017\/11\">VER M\u00c1S: Cristiano Ronaldo y Carlos Vela, \u00bfla delantera de Los Angeles FC?<\/a><\/p>\n<p>El cementero expres\u00f3 que podr\u00eda jugar este s\u00e1bado ante <strong>Veracruz<\/strong>, a pesar que <strong>no ha logrado entrenar al parejo del equipo<\/strong>, los d\u00edas de rehabilitaci\u00f3n se terminar\u00edan previo al encuentro y podr\u00eda ser parte del grupo que dispute el encuentro, en tanto se sienta al cien por ciento.<\/p>\n<p>[video_player]https:\/\/player.vimeo.com\/external\/243169870.hd.mp4?s=310130c148f138e3da06ef031714e475e6e7d42f&amp;profile_id=175[\/video_player]<\/p>\n<p>&nbsp;<\/p>\n","protected":false},"excerpt":{"rendered":"<p>El mediocampista de Cruz Azul expres\u00f3 lo que ha aportado J\u00e9mez al equipo<\/p>\n","protected":false},"author":159,"featured_media":509625,"comment_status":"closed","ping_status":"closed","sticky":false,"template":"","format":"standard","meta":[],"categories":[7570,2198,3845,4],"tags":[8357,368,5998,5962,64,7053],"_links":{"self":[{"href":"http:\/\/desarrollo.grupomedios.com\/futbol\/wp-json\/wp\/v2\/posts\/509620"}],"collection":[{"href":"http:\/\/desarrollo.grupomedios.com\/futbol\/wp-json\/wp\/v2\/posts"}],"about":[{"href":"http:\/\/desarrollo.grupomedios.com\/futbol\/wp-json\/wp\/v2\/types\/post"}],"author":[{"embeddable":true,"href":"http:\/\/desarrollo.grupomedios.com\/futbol\/wp-json\/wp\/v2\/users\/159"}],"replies":[{"embeddable":true,"href":"http:\/\/desarrollo.grupomedios.com\/futbol\/wp-json\/wp\/v2\/comments?post=509620"}],"version-history":[{"count":1,"href":"http:\/\/desarrollo.grupomedios.com\/futbol\/wp-json\/wp\/v2\/posts\/509620\/revisions"}],"predecessor-version":[{"id":509626,"href":"http:\/\/desarrollo.grupomedios.com\/futbol\/wp-json\/wp\/v2\/posts\/509620\/revisions\/509626"}],"wp:featuredmedia":[{"embeddable":true,"href":"http:\/\/desarrollo.grupomedios.com\/futbol\/wp-json\/wp\/v2\/media\/509625"}],"wp:attachment":[{"href":"http:\/\/desarrollo.grupomedios.com\/futbol\/wp-json\/wp\/v2\/media?parent=509620"}],"wp:term":[{"taxonomy":"category","embeddable":true,"href":"http:\/\/desarrollo.grupomedios.com\/futbol\/wp-json\/wp\/v2\/categories?post=509620"},{"taxonomy":"post_tag","embeddable":true,"href":"http:\/\/desarrollo.grupomedios.com\/futbol\/wp-json\/wp\/v2\/tags?post=509620"}],"curies":[{"name":"wp","href":"https:\/\/api.w.org\/{rel}","templated":true}]}}