{"id":509632,"date":"2017-11-16T16:03:11","date_gmt":"2017-11-16T22:03:11","guid":{"rendered":"https:\/\/www.futboltotal.com.mx\/?p=509632"},"modified":"2017-11-16T16:04:24","modified_gmt":"2017-11-16T22:04:24","slug":"caixinha-en-platicas-nuevo-dt-cruz-azul","status":"publish","type":"post","link":"http:\/\/desarrollo.grupomedios.com\/futbol\/destacado-home\/caixinha-en-platicas-nuevo-dt-cruz-azul\/2017\/11","title":{"rendered":"Caixinha, en pl\u00e1ticas para ser el nuevo DT de Cruz Azul"},"content":{"rendered":"<p><strong>POR: STAFF FT<\/strong><\/p>\n<p><strong>Pedro Caixinha<\/strong> est\u00e1 muy cerca de convertirse en el nuevo entrenador de Cruz Azul, despu\u00e9s de que se dar\u00eda la salida de <strong>Paco J\u00e9mez<\/strong> al terminar el torneo.<\/p>\n<p>La <em>M\u00e1quina<\/em> a\u00fan est\u00e1 en competencia, y tiene en sus manos la oportunidad de pasar a la liguilla, ya que un triunfo de <strong>Cruz Azul<\/strong> le asegurar\u00eda meterse a la Fiesta Grande.<\/p>\n<p>Paco J\u00e9mez dejar\u00eda a la instituci\u00f3n celeste al terminar el <strong>Torneo Apertura 2017<\/strong>, despu\u00e9s de que en algunas ocasiones no ha estado conforme con el trato que se le ha dado en M\u00e9xico.<\/p>\n<p style=\"text-align: center;\"><span style=\"color: #333399;\"><a href=\"https:\/\/www.futboltotal.com.mx\/videos\/exclusiva-chaco-gimenez-habla-jemez-cruz-azul-liguilla\/2017\/11\">VER M\u00c1S &#8211; <span class=\"item-title\">EXCLUSIVA: Chaco Gim\u00e9nez habla de J\u00e9mez, Cruz Azul y liguilla<\/span><\/a><\/span><\/p>\n<p>Adem\u00e1s, J\u00e9mez tambi\u00e9n pensar\u00eda en regresar al futbol de Espa\u00f1a, donde ha logrado prestigio internacional.<\/p>\n<p>&nbsp;<\/p>\n<p>&nbsp;<\/p>\n","protected":false},"excerpt":{"rendered":"<p>El t\u00e9cnico portugu\u00e9s llegar\u00eda para suplir al espa\u00f1ol Paco J\u00e9mez<\/p>\n","protected":false},"author":160,"featured_media":509633,"comment_status":"closed","ping_status":"closed","sticky":false,"template":"","format":"standard","meta":[],"categories":[5,2198,3845],"tags":[5962,1968,8893],"_links":{"self":[{"href":"http:\/\/desarrollo.grupomedios.com\/futbol\/wp-json\/wp\/v2\/posts\/509632"}],"collection":[{"href":"http:\/\/desarrollo.grupomedios.com\/futbol\/wp-json\/wp\/v2\/posts"}],"about":[{"href":"http:\/\/desarrollo.grupomedios.com\/futbol\/wp-json\/wp\/v2\/types\/post"}],"author":[{"embeddable":true,"href":"http:\/\/desarrollo.grupomedios.com\/futbol\/wp-json\/wp\/v2\/users\/160"}],"replies":[{"embeddable":true,"href":"http:\/\/desarrollo.grupomedios.com\/futbol\/wp-json\/wp\/v2\/comments?post=509632"}],"version-history":[{"count":2,"href":"http:\/\/desarrollo.grupomedios.com\/futbol\/wp-json\/wp\/v2\/posts\/509632\/revisions"}],"predecessor-version":[{"id":509636,"href":"http:\/\/desarrollo.grupomedios.com\/futbol\/wp-json\/wp\/v2\/posts\/509632\/revisions\/509636"}],"wp:featuredmedia":[{"embeddable":true,"href":"http:\/\/desarrollo.grupomedios.com\/futbol\/wp-json\/wp\/v2\/media\/509633"}],"wp:attachment":[{"href":"http:\/\/desarrollo.grupomedios.com\/futbol\/wp-json\/wp\/v2\/media?parent=509632"}],"wp:term":[{"taxonomy":"category","embeddable":true,"href":"http:\/\/desarrollo.grupomedios.com\/futbol\/wp-json\/wp\/v2\/categories?post=509632"},{"taxonomy":"post_tag","embeddable":true,"href":"http:\/\/desarrollo.grupomedios.com\/futbol\/wp-json\/wp\/v2\/tags?post=509632"}],"curies":[{"name":"wp","href":"https:\/\/api.w.org\/{rel}","templated":true}]}}