{"id":509634,"date":"2017-11-16T16:14:04","date_gmt":"2017-11-16T22:14:04","guid":{"rendered":"https:\/\/www.futboltotal.com.mx\/?p=509634"},"modified":"2017-11-17T09:46:53","modified_gmt":"2017-11-17T15:46:53","slug":"matias-almeyda-confirma-interes-jesus-corona","status":"publish","type":"post","link":"http:\/\/desarrollo.grupomedios.com\/futbol\/destacado-home\/matias-almeyda-confirma-interes-jesus-corona\/2017\/11","title":{"rendered":"Mat\u00edas Almeyda confirma inter\u00e9s por Jes\u00fas Corona"},"content":{"rendered":"<p><strong>POR: STAFF FT<\/strong><\/p>\n<p>El estratega de las <strong>Chivas, Mat\u00edas Almeyda,<\/strong> confirm\u00f3 un inter\u00e9s sobre el actual guardameta de <strong>Cruz Azul, Jes\u00fas Corona<\/strong>, pues ya est\u00e1n pensando en los refuerzos para el plantel y ante la posible baja de <strong>Rodolfo Cota<\/strong>. Adem\u00e1s revel\u00f3 que est\u00e1n\u00a0muy cerca de cerrar sus dos primeras contrataciones de cara al C<strong>lausura 2018.<\/strong><\/p>\n<p>Almeyda habl\u00f3 sobre el posible suplente de Rodolfo Cota y, aunque expres\u00f3 su estima por el guardameta y alab\u00f3 al suplente que tiene, tambi\u00e9n habl\u00f3 sobre el inter\u00e9s que existe por el portero de Cruz Azul: \u201ccon Miguel (Jim\u00e9nez) estoy muy contento, Miguel ha demostrado que est\u00e1 a la altura para reemplazar a Rodolfo, ya todos saben el sentimiento que tengo con respecto a Cota, obviamente jugar\u00eda siempre en mis equipos, <strong>pero entiendo la parte econ\u00f3mica que no se puede<\/strong>, <strong>estoy viendo otras opciones,<\/strong> estamos muy cerca de concretar algo tambi\u00e9n ah\u00ed, pero bueno, en este tiempo prefiero terminar el torneo y despu\u00e9s pensar en eso\u201d, acept\u00f3 Almeyda.<\/p>\n<p style=\"text-align: center;\"><a href=\"https:\/\/www.futboltotal.com.mx\/futbol-mexicano\/liga-mx\/exclusiva-chaco-gimenez-habla-jemez-cruz-azul-liguilla\/2017\/11\">VER M\u00c1S: EXCLUSIVA: Chaco Gim\u00e9nez habla de J\u00e9mez, Cruz Azul y liguilla<\/a><\/p>\n<p>Al momento de preguntarle en espec\u00edfico por Jes\u00fas Corona, el Pastor del Reba\u00f1o acept\u00f3 tener inter\u00e9s por \u00e9l:<strong>\u00a0\u201cs\u00ed, es un portero importante, s\u00ed. Tiene las caracter\u00edsticas como para poder estar aqu\u00ed ( en\u00a0Chivas)\u201d<\/strong>, coment\u00f3. De igual manera adelant\u00f3 que ya tendr\u00edan un elemento amarrado en el ataque que podr\u00eda resultar un jugador importante y habl\u00f3 sobre el supuesto inter\u00e9s por Chicharito.<\/p>\n<p>\u201cUn jugador de renombre ser\u00eda, por decir alguien, <strong>Chicharito<\/strong>, que ya lleva una carrera en Europa y podr\u00edamos decir: es una estrella; los dem\u00e1s tienen que convertirse en estrellas, nosotros optamos por jugadores con proyecci\u00f3n, entonces la filosof\u00eda ser\u00e1 la misma. Pr\u00e1cticamente<strong> estamos muy cerca de uno de los jugadores que pretendo<\/strong>, y la idea es que venga a seguir creciendo como jugador y aportar lo que tiene\u201d, mencion\u00f3.<\/p>\n<p>Estos dos futbolistas podr\u00edan ser\u00a0<strong>Walter Gael Sandoval<\/strong> de Santos Laguna o <strong>Amaury Escoto<\/strong> de Lobos BUAP, quienes <a href=\"https:\/\/www.futboltotal.com.mx\/futbol-mexicano\/liga-mx\/los-5-refuerzos-pidio-almeyda-para-chivas\/2017\/11\" target=\"_blank\" rel=\"noopener\">est\u00e1n en la lista de deseos del estratega<\/a>.<\/p>\n<p>\u201cHay que ver, trataremos de reforzar, si digo algo despu\u00e9s cuesta el triple, no puedo decir nada, pero jugadores que marquen una diferencia en parte ofensiva, eso estamos buscando, porque cuando hemos tenido lesionados nos hemos quedado con un plantel corto, vienen competiciones importantes y necesito reforzar ah\u00ed\u201d, dijo.<\/p>\n<p style=\"text-align: center;\"><a href=\"https:\/\/www.futboltotal.com.mx\/copa-mundial-de-futbol-2018\/principales-home-mundial\/listos-los-bombos-para-rusia-2018\">VER M\u00c1S: \u00a1Listos los bombos para Rusia 2018!<\/a><\/p>\n<p>&nbsp;<\/p>\n","protected":false},"excerpt":{"rendered":"<p>El Reba\u00f1o ya piensa en sus refuerzos para el Clausura 2018<\/p>\n","protected":false},"author":159,"featured_media":509637,"comment_status":"closed","ping_status":"closed","sticky":false,"template":"","format":"standard","meta":[],"categories":[5,2198,3845],"tags":[70,5962,5443,64,1420],"_links":{"self":[{"href":"http:\/\/desarrollo.grupomedios.com\/futbol\/wp-json\/wp\/v2\/posts\/509634"}],"collection":[{"href":"http:\/\/desarrollo.grupomedios.com\/futbol\/wp-json\/wp\/v2\/posts"}],"about":[{"href":"http:\/\/desarrollo.grupomedios.com\/futbol\/wp-json\/wp\/v2\/types\/post"}],"author":[{"embeddable":true,"href":"http:\/\/desarrollo.grupomedios.com\/futbol\/wp-json\/wp\/v2\/users\/159"}],"replies":[{"embeddable":true,"href":"http:\/\/desarrollo.grupomedios.com\/futbol\/wp-json\/wp\/v2\/comments?post=509634"}],"version-history":[{"count":3,"href":"http:\/\/desarrollo.grupomedios.com\/futbol\/wp-json\/wp\/v2\/posts\/509634\/revisions"}],"predecessor-version":[{"id":509640,"href":"http:\/\/desarrollo.grupomedios.com\/futbol\/wp-json\/wp\/v2\/posts\/509634\/revisions\/509640"}],"wp:featuredmedia":[{"embeddable":true,"href":"http:\/\/desarrollo.grupomedios.com\/futbol\/wp-json\/wp\/v2\/media\/509637"}],"wp:attachment":[{"href":"http:\/\/desarrollo.grupomedios.com\/futbol\/wp-json\/wp\/v2\/media?parent=509634"}],"wp:term":[{"taxonomy":"category","embeddable":true,"href":"http:\/\/desarrollo.grupomedios.com\/futbol\/wp-json\/wp\/v2\/categories?post=509634"},{"taxonomy":"post_tag","embeddable":true,"href":"http:\/\/desarrollo.grupomedios.com\/futbol\/wp-json\/wp\/v2\/tags?post=509634"}],"curies":[{"name":"wp","href":"https:\/\/api.w.org\/{rel}","templated":true}]}}