{"id":509649,"date":"2017-11-16T19:39:38","date_gmt":"2017-11-17T01:39:38","guid":{"rendered":"https:\/\/www.futboltotal.com.mx\/?p=509649"},"modified":"2017-11-16T19:39:38","modified_gmt":"2017-11-17T01:39:38","slug":"portero-follman-del-chapecoense-entrena-ano-despues-del-accidente","status":"publish","type":"post","link":"http:\/\/desarrollo.grupomedios.com\/futbol\/futbol-internacional\/portero-follman-del-chapecoense-entrena-ano-despues-del-accidente\/2017\/11","title":{"rendered":"Portero Follman del Chapecoense entrena un a\u00f1o despu\u00e9s del accidente"},"content":{"rendered":"<p>El portero <strong>Jackson Follman<\/strong>, sobreviviente del accidente a\u00e9reo del <strong>Chapecoense<\/strong>, en el que perdi\u00f3 una pierna, cumpli\u00f3 hoy su primer entrenamiento con bal\u00f3n un a\u00f1o despu\u00e9s de la tragedia en la que murieron 71 personas en noviembre del a\u00f1o pasado en la ciudad colombiana de <strong>Medell\u00edn<\/strong>.<\/p>\n<p>Follman, a quien le fue amputada la pierna derecha tras el accidente, practic\u00f3 varios ejercicios con bal\u00f3n bajo el arco, seg\u00fan un v\u00eddeo divulgado hoy por el Chapecoense.<\/p>\n<p style=\"text-align: center;\"><a href=\"https:\/\/www.futboltotal.com.mx\/futbol-mexicano\/liga-mx\/caixinha-en-platicas-nuevo-dt-cruz-azul\/2017\/11\"><span style=\"color: #3366ff;\">VER M\u00c1S: Caixinha, en pl\u00e1ticas para ser el nuevo DT de Cruz Azul<\/span><\/a><\/p>\n<blockquote class=\"twitter-tweet\" data-data-dnt=\"true\">\n<p lang=\"pt\" dir=\"ltr\">O Follmann fez hoje o seu primeiro treino com bola! \ud83c\udff9\u26bd\ud83d\udc9a<br \/>Que momento! <a href=\"https:\/\/twitter.com\/hashtag\/VamosChape?src=hash&amp;ref_src=twsrc%5Etfw\">#VamosChape<\/a> <a href=\"https:\/\/t.co\/qJlsrPB6PD\">pic.twitter.com\/qJlsrPB6PD<\/a><\/p>\n<p>&mdash; Chapecoense (@ChapecoenseReal) <a href=\"https:\/\/twitter.com\/ChapecoenseReal\/status\/931159020097953792?ref_src=twsrc%5Etfw\">November 16, 2017<\/a><\/p><\/blockquote>\n<p><script async src=\"https:\/\/platform.twitter.com\/widgets.js\" charset=\"utf-8\"><\/script><\/p>\n<p>El jugador fue uno de los seis sobrevivientes del accidente a\u00e9reo ocurrido el 28 de noviembre pasado cerca de <strong>Medell\u00edn<\/strong>, donde el equipo deb\u00eda disputar el partido de ida de la final de la <strong>Copa Sudamericana<\/strong> contra el <strong>Atl\u00e9tico Nacional<\/strong>.<\/p>\n<p>El Chapecoense todav\u00eda no tiene previsto ning\u00fan acto oficial para el pr\u00f3ximo 28 de noviembre, cuando se cumple un a\u00f1os de la tragedia, pero ha confirmado que abrir\u00e1 las puertas del estadio para los homenajes espont\u00e1neos de los aficionados. EFE<\/p>\n","protected":false},"excerpt":{"rendered":"<p>Follman cumpli\u00f3 hoy su primer entrenamiento con bal\u00f3n un a\u00f1o despu\u00e9s de la tragedia.<\/p>\n","protected":false},"author":129,"featured_media":509651,"comment_status":"closed","ping_status":"closed","sticky":false,"template":"","format":"standard","meta":[],"categories":[3839],"tags":[7668,6214,11201],"_links":{"self":[{"href":"http:\/\/desarrollo.grupomedios.com\/futbol\/wp-json\/wp\/v2\/posts\/509649"}],"collection":[{"href":"http:\/\/desarrollo.grupomedios.com\/futbol\/wp-json\/wp\/v2\/posts"}],"about":[{"href":"http:\/\/desarrollo.grupomedios.com\/futbol\/wp-json\/wp\/v2\/types\/post"}],"author":[{"embeddable":true,"href":"http:\/\/desarrollo.grupomedios.com\/futbol\/wp-json\/wp\/v2\/users\/129"}],"replies":[{"embeddable":true,"href":"http:\/\/desarrollo.grupomedios.com\/futbol\/wp-json\/wp\/v2\/comments?post=509649"}],"version-history":[{"count":1,"href":"http:\/\/desarrollo.grupomedios.com\/futbol\/wp-json\/wp\/v2\/posts\/509649\/revisions"}],"predecessor-version":[{"id":509652,"href":"http:\/\/desarrollo.grupomedios.com\/futbol\/wp-json\/wp\/v2\/posts\/509649\/revisions\/509652"}],"wp:featuredmedia":[{"embeddable":true,"href":"http:\/\/desarrollo.grupomedios.com\/futbol\/wp-json\/wp\/v2\/media\/509651"}],"wp:attachment":[{"href":"http:\/\/desarrollo.grupomedios.com\/futbol\/wp-json\/wp\/v2\/media?parent=509649"}],"wp:term":[{"taxonomy":"category","embeddable":true,"href":"http:\/\/desarrollo.grupomedios.com\/futbol\/wp-json\/wp\/v2\/categories?post=509649"},{"taxonomy":"post_tag","embeddable":true,"href":"http:\/\/desarrollo.grupomedios.com\/futbol\/wp-json\/wp\/v2\/tags?post=509649"}],"curies":[{"name":"wp","href":"https:\/\/api.w.org\/{rel}","templated":true}]}}