{"id":509694,"date":"2017-11-17T11:55:16","date_gmt":"2017-11-17T17:55:16","guid":{"rendered":"https:\/\/www.futboltotal.com.mx\/?p=509694"},"modified":"2017-11-20T13:42:40","modified_gmt":"2017-11-20T19:42:40","slug":"quien-es-walter-gael-sandoval-posible-refuerzo-de-chivas","status":"publish","type":"post","link":"http:\/\/desarrollo.grupomedios.com\/futbol\/destacado-home\/quien-es-walter-gael-sandoval-posible-refuerzo-de-chivas\/2017\/11","title":{"rendered":"Qui\u00e9n es Walter Gael Sandoval, nuevo refuerzo de Chivas"},"content":{"rendered":"<p>El primer refuerzo de <strong>Chivas de Guadalajara<\/strong> para el <strong>Clausura 2018<\/strong> ser\u00e1 el canterano de <strong>Santos Laguna<\/strong>, <strong>Walter Gael Sandoval<\/strong>, mediocampista de 22 a\u00f1os que se ha destacado en la <strong>Liga MX<\/strong> por ser un jugador completo, de ida y vuelta, adem\u00e1s que parece tener un futuro prometedor para la <strong>Selecci\u00f3n Mexicana<\/strong>, pero <strong>\u00bfqui\u00e9n es este futbolista?<\/strong><\/p>\n<p>Hizo su debut en 2016 ante <strong>Tigres UANL<\/strong>, en la actual temporada tiene 13 juegos como titular y dos asistencias, pero en el <strong>Apertura 2016<\/strong> y <strong>Clausura 2017<\/strong> vio acci\u00f3n en todo los encuentros de su equipo y antes tuvo un breve paso por el <strong>FC Ju\u00e1rez<\/strong> en el<strong> Ascenso MX<\/strong>. Es oriundo de Guadalajara, ciudad donde jug\u00f3 para los <strong>Mulos del Club Deportivo Oro<\/strong> en el 2010 y despu\u00e9s pas\u00f3 a la <strong>UAG<\/strong>, antes de fichar en 2012 por Santos Laguna.<\/p>\n<p style=\"text-align: center;\"><a href=\"https:\/\/www.futboltotal.com.mx\/futbol-mexicano\/liga-mx\/los-jugadores-dieron-ancho-en-apertura-2017\/2017\/11\">VER M\u00c1S: Los jugadores que no dieron el ancho en el Apertura 2017<\/a><\/p>\n<p><strong>Le apodan &#8216;El Italiano&#8217;<\/strong><\/p>\n<p>El mediocampista es un todo terreno, juega ida y vuelta pero una de sus principales caracter\u00edsticas es la de asistir a sus compa\u00f1eros, ya sea para dejarlos de frente a la porter\u00eda o la jugada previa al gol. Pero su apodo se lo gan\u00f3 luego de jugar un torneo en\u00a0<strong>Viareggio, Italia<\/strong>, 2013 donde logr\u00f3\u00a0 llamar la atenci\u00f3n del <strong>AS Roma<\/strong> con quien tuvo una breve temporada de prueba.<\/p>\n<p>&#8220;Se pusieron en contacto con Santos, para ver si pod\u00eda ir a Roma a probarme, me fui a explorar con unos amigos y justamente me hablan que iban a pasar por m\u00ed para<strong> ir a entrenar a La Roma<\/strong>. Nos llevaron ese mismo d\u00eda, y fue una experiencia incre\u00edble ver a los jugadores de primera&#8221;, expres\u00f3 el canterano para Marca Claro. De acuerdo a versiones del propio jugador no se logr\u00f3 un acuerdo entre <strong>La Loba<\/strong> y la directiva lagunera, por esa raz\u00f3n no logr\u00f3 quedarse en Italia.<\/p>\n<p>Al concretarse como nuevo refuerzo de <strong>Chivas<\/strong>, sus aspiraciones se aumentar\u00edan, tanto para la <strong>Selecci\u00f3n Mexicana<\/strong>, con quien ha participado en combinados de otras categor\u00edas, como en jugar en Europa, pues ha declarado que desea ser uno de los embajadores aztecas en el <strong>Viejo Continente<\/strong>; &#8220;A mediano plazo&#8230; Europa. <strong>Quiero ser un mexicano m\u00e1s en Europa<\/strong>, abriendo m\u00e1s puertas al talento mexicano&#8221;, indica.<\/p>\n<p style=\"text-align: center;\"><a href=\"https:\/\/www.futboltotal.com.mx\/futbol-mexicano\/liga-mx\/exclusiva-chaco-gimenez-habla-jemez-cruz-azul-liguilla\/2017\/11\">VER M\u00c1S: EXCLUSIVA: Chaco Gim\u00e9nez habla de J\u00e9mez, Cruz Azul y liguilla<\/a><\/p>\n<p>&nbsp;<\/p>\n","protected":false},"excerpt":{"rendered":"<p>El futbolista tiene el apodo de &#8216;El Italiano&#8217;<\/p>\n","protected":false},"author":159,"featured_media":509705,"comment_status":"closed","ping_status":"closed","sticky":false,"template":"","format":"standard","meta":[],"categories":[5,2198,3845],"tags":[70,9028,5963,64,174,11066],"_links":{"self":[{"href":"http:\/\/desarrollo.grupomedios.com\/futbol\/wp-json\/wp\/v2\/posts\/509694"}],"collection":[{"href":"http:\/\/desarrollo.grupomedios.com\/futbol\/wp-json\/wp\/v2\/posts"}],"about":[{"href":"http:\/\/desarrollo.grupomedios.com\/futbol\/wp-json\/wp\/v2\/types\/post"}],"author":[{"embeddable":true,"href":"http:\/\/desarrollo.grupomedios.com\/futbol\/wp-json\/wp\/v2\/users\/159"}],"replies":[{"embeddable":true,"href":"http:\/\/desarrollo.grupomedios.com\/futbol\/wp-json\/wp\/v2\/comments?post=509694"}],"version-history":[{"count":2,"href":"http:\/\/desarrollo.grupomedios.com\/futbol\/wp-json\/wp\/v2\/posts\/509694\/revisions"}],"predecessor-version":[{"id":510015,"href":"http:\/\/desarrollo.grupomedios.com\/futbol\/wp-json\/wp\/v2\/posts\/509694\/revisions\/510015"}],"wp:featuredmedia":[{"embeddable":true,"href":"http:\/\/desarrollo.grupomedios.com\/futbol\/wp-json\/wp\/v2\/media\/509705"}],"wp:attachment":[{"href":"http:\/\/desarrollo.grupomedios.com\/futbol\/wp-json\/wp\/v2\/media?parent=509694"}],"wp:term":[{"taxonomy":"category","embeddable":true,"href":"http:\/\/desarrollo.grupomedios.com\/futbol\/wp-json\/wp\/v2\/categories?post=509694"},{"taxonomy":"post_tag","embeddable":true,"href":"http:\/\/desarrollo.grupomedios.com\/futbol\/wp-json\/wp\/v2\/tags?post=509694"}],"curies":[{"name":"wp","href":"https:\/\/api.w.org\/{rel}","templated":true}]}}