{"id":509712,"date":"2017-11-17T13:20:40","date_gmt":"2017-11-17T19:20:40","guid":{"rendered":"https:\/\/www.futboltotal.com.mx\/?p=509712"},"modified":"2017-11-17T13:20:40","modified_gmt":"2017-11-17T19:20:40","slug":"leon-vs-chivas-recuerdo-del-primer-titulo-almeyda","status":"publish","type":"post","link":"http:\/\/desarrollo.grupomedios.com\/futbol\/destacado-home\/leon-vs-chivas-recuerdo-del-primer-titulo-almeyda\/2017\/11","title":{"rendered":"Le\u00f3n vs Chivas y el recuerdo del primer t\u00edtulo con Almeyda"},"content":{"rendered":"<p>Las <strong>Chivas<\/strong> visitar\u00e1n al <strong>Le\u00f3n<\/strong> en la \u00faltima jornada del torneo de<strong> Apertura 2017<\/strong>, y ante el fracaso de este certamen luego de haber obtenido el Doblete de Liga y Copa el torneo anterior, su regreso al baj\u00edo le dar\u00e1 bueno recuerdos.<\/p>\n<p>Fue en el 2015 cuando el equipo de <strong>Mat\u00edas Almeyda<\/strong> sorprendi\u00f3 al llegar a la <strong>Final de la Copa MX<\/strong> contra el conjunto <strong>Esmeralda<\/strong>, que ven\u00eda en buen momento de la mano de <strong>Juan Antonio Pizzi<\/strong>.<\/p>\n<p>El Reba\u00f1o rompi\u00f3 los pron\u00f3sticos y termin\u00f3 ganando el t\u00edtulo, pues Almeyda les dar\u00eda un t\u00edtulo luego de nueve a\u00f1os de no ganar nada y comenzar\u00eda su gran etapa en el <strong>Guadalajara<\/strong>.<\/p>\n<p style=\"text-align: center;\"><span style=\"color: #3366ff;\"><a href=\"https:\/\/www.futboltotal.com.mx\/futbol-mexicano\/liga-mx\/quien-es-walter-gael-sandoval-posible-refuerzo-de-chivas\/2017\/11\">VER M\u00c1S: Qui\u00e9n es Walter Gael Sandoval, posible refuerzo de Chivas<\/a><\/span><\/p>\n<p>&nbsp;<\/p>\n<p>[video_player]https:\/\/player.vimeo.com\/external\/243343344.hd.mp4?s=d3c8c1c9f324b4b7cb595c2e34950da870af3bce&amp;profile_id=174[\/video_player]<\/p>\n","protected":false},"excerpt":{"rendered":"<p>El Reba\u00f1o regresar\u00e1 a donde el Pelado conquist\u00f3 su primer t\u00edtulo.<\/p>\n","protected":false},"author":129,"featured_media":509713,"comment_status":"closed","ping_status":"closed","sticky":false,"template":"","format":"standard","meta":[],"categories":[5,2198,3845],"tags":[8357,70,285,5965,64,1420],"_links":{"self":[{"href":"http:\/\/desarrollo.grupomedios.com\/futbol\/wp-json\/wp\/v2\/posts\/509712"}],"collection":[{"href":"http:\/\/desarrollo.grupomedios.com\/futbol\/wp-json\/wp\/v2\/posts"}],"about":[{"href":"http:\/\/desarrollo.grupomedios.com\/futbol\/wp-json\/wp\/v2\/types\/post"}],"author":[{"embeddable":true,"href":"http:\/\/desarrollo.grupomedios.com\/futbol\/wp-json\/wp\/v2\/users\/129"}],"replies":[{"embeddable":true,"href":"http:\/\/desarrollo.grupomedios.com\/futbol\/wp-json\/wp\/v2\/comments?post=509712"}],"version-history":[{"count":3,"href":"http:\/\/desarrollo.grupomedios.com\/futbol\/wp-json\/wp\/v2\/posts\/509712\/revisions"}],"predecessor-version":[{"id":509720,"href":"http:\/\/desarrollo.grupomedios.com\/futbol\/wp-json\/wp\/v2\/posts\/509712\/revisions\/509720"}],"wp:featuredmedia":[{"embeddable":true,"href":"http:\/\/desarrollo.grupomedios.com\/futbol\/wp-json\/wp\/v2\/media\/509713"}],"wp:attachment":[{"href":"http:\/\/desarrollo.grupomedios.com\/futbol\/wp-json\/wp\/v2\/media?parent=509712"}],"wp:term":[{"taxonomy":"category","embeddable":true,"href":"http:\/\/desarrollo.grupomedios.com\/futbol\/wp-json\/wp\/v2\/categories?post=509712"},{"taxonomy":"post_tag","embeddable":true,"href":"http:\/\/desarrollo.grupomedios.com\/futbol\/wp-json\/wp\/v2\/tags?post=509712"}],"curies":[{"name":"wp","href":"https:\/\/api.w.org\/{rel}","templated":true}]}}