{"id":509716,"date":"2017-11-17T13:14:42","date_gmt":"2017-11-17T19:14:42","guid":{"rendered":"https:\/\/www.futboltotal.com.mx\/?p=509716"},"modified":"2017-11-17T13:15:24","modified_gmt":"2017-11-17T19:15:24","slug":"dario-benedetto-en-el-radar-del-borussia-dortmund","status":"publish","type":"post","link":"http:\/\/desarrollo.grupomedios.com\/futbol\/futbol-internacional\/dario-benedetto-en-el-radar-del-borussia-dortmund\/2017\/11","title":{"rendered":"Dar\u00edo Benedetto, en el radar del Borussia Dortmund"},"content":{"rendered":"<p><strong>POR: STAFF FT<\/strong><\/p>\n<p>El ex delantero de <strong>Xolos de Tijuana y las \u00c1guilas del Am\u00e9rica<\/strong>, <strong>Dar\u00edo Benedetto<\/strong> se encuentra en el radar del <strong>Borussia Dortmund<\/strong> en Alemania y de igual manera del<strong> Sevilla de Espa\u00f1a<\/strong>, el delantero ha tomado un buen ritmo en su carrera luego de marcharse a <strong>Boca Juniors<\/strong> que lo llev\u00f3 a la <strong>Selecci\u00f3n de Argentina<\/strong>, ahora el siguiente paso ser\u00eda llegar al futbol de Europa, pues sus aspiraciones son llegar a la <strong>Copa del Mundo de Rusia 2018<\/strong>.<\/p>\n<p>De acuerdo con Fox Sports Argentina, un visor del <strong>Borussia Dortmund<\/strong> estar\u00e1 presente el pr\u00f3ximo domingo 19 de noviembre en el encuentro que sostendr\u00e1n <strong>Boca Juniors y Racing de Avellaneda<\/strong> con el objetivo de ver observar a detalle el desempe\u00f1o de <strong>Dar\u00edo Benedetto<\/strong> y<strong> Lautaro Mart\u00ednez<\/strong>, pues ambos jugadores interesan para buscar un posible reemplazo de <strong>Pierre-Emerick Aubameyang<\/strong>, quien se estar\u00eda marchando del club al terminar la temporada.<\/p>\n<p style=\"text-align: center;\"><a href=\"https:\/\/www.futboltotal.com.mx\/futbol-mexicano\/liga-mx\/quien-es-walter-gael-sandoval-posible-refuerzo-de-chivas\/2017\/11\">VER M\u00c1S: Qui\u00e9n es Walter Gael Sandoval, posible refuerzo de Chivas<\/a><\/p>\n<p>Por otro lado, se ha hablado que el delantero argentino entra en los planes de renovaci\u00f3n que tiene el <strong>Sevilla<\/strong>, quien para el siguiente mercado de fichajes ser\u00eda una de las prioridades del cuadro espa\u00f1ol, por lo que estar\u00eda dispuesto a realizar un fuerte esfuerzo econ\u00f3mico , adem\u00e1s de ofrecer al jugador\u00a0<b>Walter Montoya,\u00a0<\/b>quien ya no entra en planes con el conjunto.<\/p>\n<p>Benedetto no logr\u00f3 ser campe\u00f3n en M\u00e9xico con ninguno de los dos equipos con los que milit\u00f3, con Am\u00e9rica logr\u00f3 llevarse en dos ocasiones la <strong>Liga de Campeones de la Concacaf<\/strong>, ahora el delantero de 27 a\u00f1os podr\u00eda dar el salto al futbol de Europa.<\/div>\n<div data-twitter-event-id=\"1\">\n<p style=\"text-align: center;\"><a href=\"https:\/\/www.futboltotal.com.mx\/futbol-mexicano\/liga-mx\/los-jugadores-dieron-ancho-en-apertura-2017\/2017\/11\">VER M\u00c1S: Los jugadores que no dieron el ancho en el Apertura 2017<\/a><\/p>\n<\/div>\n","protected":false},"excerpt":{"rendered":"<p>El ex americanista dar\u00eda el salto al futbol de Europa<\/p>\n","protected":false},"author":159,"featured_media":509717,"comment_status":"closed","ping_status":"closed","sticky":false,"template":"","format":"standard","meta":[],"categories":[9808,3839],"tags":[5959,1683,6047,3876,64,1673],"_links":{"self":[{"href":"http:\/\/desarrollo.grupomedios.com\/futbol\/wp-json\/wp\/v2\/posts\/509716"}],"collection":[{"href":"http:\/\/desarrollo.grupomedios.com\/futbol\/wp-json\/wp\/v2\/posts"}],"about":[{"href":"http:\/\/desarrollo.grupomedios.com\/futbol\/wp-json\/wp\/v2\/types\/post"}],"author":[{"embeddable":true,"href":"http:\/\/desarrollo.grupomedios.com\/futbol\/wp-json\/wp\/v2\/users\/159"}],"replies":[{"embeddable":true,"href":"http:\/\/desarrollo.grupomedios.com\/futbol\/wp-json\/wp\/v2\/comments?post=509716"}],"version-history":[{"count":2,"href":"http:\/\/desarrollo.grupomedios.com\/futbol\/wp-json\/wp\/v2\/posts\/509716\/revisions"}],"predecessor-version":[{"id":509719,"href":"http:\/\/desarrollo.grupomedios.com\/futbol\/wp-json\/wp\/v2\/posts\/509716\/revisions\/509719"}],"wp:featuredmedia":[{"embeddable":true,"href":"http:\/\/desarrollo.grupomedios.com\/futbol\/wp-json\/wp\/v2\/media\/509717"}],"wp:attachment":[{"href":"http:\/\/desarrollo.grupomedios.com\/futbol\/wp-json\/wp\/v2\/media?parent=509716"}],"wp:term":[{"taxonomy":"category","embeddable":true,"href":"http:\/\/desarrollo.grupomedios.com\/futbol\/wp-json\/wp\/v2\/categories?post=509716"},{"taxonomy":"post_tag","embeddable":true,"href":"http:\/\/desarrollo.grupomedios.com\/futbol\/wp-json\/wp\/v2\/tags?post=509716"}],"curies":[{"name":"wp","href":"https:\/\/api.w.org\/{rel}","templated":true}]}}