{"id":509721,"date":"2017-11-17T13:55:13","date_gmt":"2017-11-17T19:55:13","guid":{"rendered":"https:\/\/www.futboltotal.com.mx\/?p=509721"},"modified":"2017-11-17T13:55:13","modified_gmt":"2017-11-17T19:55:13","slug":"aubameyang-suspendido-borussia-indisciplina","status":"publish","type":"post","link":"http:\/\/desarrollo.grupomedios.com\/futbol\/futbol-internacional\/aubameyang-suspendido-borussia-indisciplina\/2017\/11","title":{"rendered":"Aubameyang, suspendido con el Borussia por indisciplina"},"content":{"rendered":"<p><strong>POR: STAFF FT<\/strong><\/p>\n<p>El delantero estrella del <strong>Borussia Dortmund,\u00a0Pierre-Emerick Aubameyang<\/strong>, fue suspendido por el club y no puede ver acci\u00f3n en el encuentro ante el <strong>Stuttgart<\/strong> en la <strong>Bundesliga<\/strong>, los motivos de su ausencia se deben a motivos disciplinarios, que apuntan a un retraso en los entrenamientos del club, sin embargo el futbolista no estuvo de acuerdo con el club, as\u00ed lo manifest\u00f3 este viernes.<\/p>\n<p>De acuerdo con el diario Bild de Alemania, el gabon\u00e9s <strong>lleg\u00f3 35 minutos tarde al \u00faltimo entrenamiento del equipo<\/strong>, pero estos retrasos se habr\u00edan hecho habituales en el delantero, adem\u00e1s el rotativo indica que\u00a0habr\u00eda estado <strong>grabando<\/strong> el pasado mi\u00e9rcoles durante tres horas, sobre los terrenos de entrenamiento del Borussia Dortmund y sin autorizaci\u00f3n del club, <strong>un anuncio promocional<\/strong> con <strong>S\u00e9an Garnie<\/strong>r, doble campe\u00f3n del mundo franc\u00e9s de f\u00fatbol <strong>freestyle.<\/strong><\/p>\n<p style=\"text-align: center;\"><a href=\"https:\/\/www.futboltotal.com.mx\/futbol-mexicano\/liga-mx\/quien-es-walter-gael-sandoval-posible-refuerzo-de-chivas\/2017\/11\">VER M\u00c1S: Qui\u00e9n es Walter Gael Sandoval, posible refuerzo de Chivas<\/a><\/p>\n<p><strong>&#8220;As\u00ed como el a\u00f1o pasado s\u00ed entend\u00ed la sanci\u00f3n y la suspensi\u00f3n, en esta ocasi\u00f3n la verdad es que no entiendo nada porque yo no quer\u00eda llegar tarde&#8221;<\/strong>, ha se\u00f1alado el futbolista. El a\u00f1o anterior se perdi\u00f3 un partido de <strong>Champions League<\/strong>, luego de hacer un viaje a Mil\u00e1n sin autorizaci\u00f3n del club.<\/p>\n<p>El mismo diario hab\u00eda sospechado que la suspensi\u00f3n se deb\u00eda a una <strong>salida nocturna la semana pasada hacia Barcelona<\/strong>, sin embargo, de esta versi\u00f3n ya no se ha dicho m\u00e1s, por lo que todo pudo haber sido un rumor. Actualmente tiene <strong>10 goles<\/strong> en la temporada, pero suma tres consecutivos sin lograr romper las redes.<\/p>\n<p style=\"text-align: center;\"><a href=\"https:\/\/www.futboltotal.com.mx\/futbol-internacional\/bundesliga\/dario-benedetto-en-el-radar-del-borussia-dortmund\/2017\/11\">VER M\u00c1S: Dar\u00edo Benedetto, en el radar del Borussia Dortmund<\/a><\/p>\n<p>&nbsp;<\/p>\n","protected":false},"excerpt":{"rendered":"<p>El delantero se ha visto en indisciplinas varias veces<\/p>\n","protected":false},"author":159,"featured_media":509722,"comment_status":"closed","ping_status":"closed","sticky":false,"template":"","format":"standard","meta":[],"categories":[9808,3839],"tags":[6047,5078],"_links":{"self":[{"href":"http:\/\/desarrollo.grupomedios.com\/futbol\/wp-json\/wp\/v2\/posts\/509721"}],"collection":[{"href":"http:\/\/desarrollo.grupomedios.com\/futbol\/wp-json\/wp\/v2\/posts"}],"about":[{"href":"http:\/\/desarrollo.grupomedios.com\/futbol\/wp-json\/wp\/v2\/types\/post"}],"author":[{"embeddable":true,"href":"http:\/\/desarrollo.grupomedios.com\/futbol\/wp-json\/wp\/v2\/users\/159"}],"replies":[{"embeddable":true,"href":"http:\/\/desarrollo.grupomedios.com\/futbol\/wp-json\/wp\/v2\/comments?post=509721"}],"version-history":[{"count":1,"href":"http:\/\/desarrollo.grupomedios.com\/futbol\/wp-json\/wp\/v2\/posts\/509721\/revisions"}],"predecessor-version":[{"id":509723,"href":"http:\/\/desarrollo.grupomedios.com\/futbol\/wp-json\/wp\/v2\/posts\/509721\/revisions\/509723"}],"wp:featuredmedia":[{"embeddable":true,"href":"http:\/\/desarrollo.grupomedios.com\/futbol\/wp-json\/wp\/v2\/media\/509722"}],"wp:attachment":[{"href":"http:\/\/desarrollo.grupomedios.com\/futbol\/wp-json\/wp\/v2\/media?parent=509721"}],"wp:term":[{"taxonomy":"category","embeddable":true,"href":"http:\/\/desarrollo.grupomedios.com\/futbol\/wp-json\/wp\/v2\/categories?post=509721"},{"taxonomy":"post_tag","embeddable":true,"href":"http:\/\/desarrollo.grupomedios.com\/futbol\/wp-json\/wp\/v2\/tags?post=509721"}],"curies":[{"name":"wp","href":"https:\/\/api.w.org\/{rel}","templated":true}]}}