{"id":509744,"date":"2017-11-17T15:58:49","date_gmt":"2017-11-17T21:58:49","guid":{"rendered":"https:\/\/www.futboltotal.com.mx\/?p=509744"},"modified":"2017-11-17T15:58:49","modified_gmt":"2017-11-17T21:58:49","slug":"la-grandeza-america-lo-obliga-a-ganar-mateus-uribe","status":"publish","type":"post","link":"http:\/\/desarrollo.grupomedios.com\/futbol\/futbol-mexicano\/la-grandeza-america-lo-obliga-a-ganar-mateus-uribe\/2017\/11","title":{"rendered":"La grandeza de Am\u00e9rica lo obliga a ganar todo: Mateus Uribe"},"content":{"rendered":"<p><strong>POR: STAFF FT<\/strong><\/p>\n<p>Las <strong>\u00c1guilas del Am\u00e9rica<\/strong> han visto una racha negativa de cuatro partidos sin ganar entre Liga y Copa, y eso tiene inquietos a los jugadores.<\/p>\n<p><strong>Mateus Uribe<\/strong>, mediocampista de las \u00c1guilas, se\u00f1al\u00f3 que &#8220;el equipo tiene la cabeza arriba y tenemos que dejar atr\u00e1s lo que ha pasado&#8221;.<\/p>\n<p>El colombiano destac\u00f3 que &#8220;la grandeza de Am\u00e9rica lo hace tener que ir a pelear por todo, y tenemos muchas cosas importantes por las cuales tenemos que salir adelante&#8221;.<\/p>\n<p style=\"text-align: center;\"><span style=\"color: #333399;\"><a href=\"https:\/\/www.futboltotal.com.mx\/destacado-home\/que-necesita-equipo-calificar-a-la-liguilla-del-apertura-2017\/2017\/11\">VER M\u00c1S:\u00a0<span class=\"item-title\">\u00bfQu\u00e9 necesita tu equipo para calificar a la liguilla del Apertura 2017?<\/span><\/a><\/span><\/p>\n<p>El cuadro azulcrema cerrar\u00e1 el <strong>Apertura 2017<\/strong> con la visita a la cancha de <strong>Santos Laguna<\/strong>, donde buscar\u00e1 mejorar su posici\u00f3n en la tabla.<\/p>\n","protected":false},"excerpt":{"rendered":"<p>El mediocampista colombiano regresar\u00eda al once titular contra Santos<\/p>\n","protected":false},"author":160,"featured_media":509748,"comment_status":"closed","ping_status":"closed","sticky":false,"template":"","format":"standard","meta":[],"categories":[2198,3845],"tags":[5959,8357,1572,64,9184],"_links":{"self":[{"href":"http:\/\/desarrollo.grupomedios.com\/futbol\/wp-json\/wp\/v2\/posts\/509744"}],"collection":[{"href":"http:\/\/desarrollo.grupomedios.com\/futbol\/wp-json\/wp\/v2\/posts"}],"about":[{"href":"http:\/\/desarrollo.grupomedios.com\/futbol\/wp-json\/wp\/v2\/types\/post"}],"author":[{"embeddable":true,"href":"http:\/\/desarrollo.grupomedios.com\/futbol\/wp-json\/wp\/v2\/users\/160"}],"replies":[{"embeddable":true,"href":"http:\/\/desarrollo.grupomedios.com\/futbol\/wp-json\/wp\/v2\/comments?post=509744"}],"version-history":[{"count":1,"href":"http:\/\/desarrollo.grupomedios.com\/futbol\/wp-json\/wp\/v2\/posts\/509744\/revisions"}],"predecessor-version":[{"id":509749,"href":"http:\/\/desarrollo.grupomedios.com\/futbol\/wp-json\/wp\/v2\/posts\/509744\/revisions\/509749"}],"wp:featuredmedia":[{"embeddable":true,"href":"http:\/\/desarrollo.grupomedios.com\/futbol\/wp-json\/wp\/v2\/media\/509748"}],"wp:attachment":[{"href":"http:\/\/desarrollo.grupomedios.com\/futbol\/wp-json\/wp\/v2\/media?parent=509744"}],"wp:term":[{"taxonomy":"category","embeddable":true,"href":"http:\/\/desarrollo.grupomedios.com\/futbol\/wp-json\/wp\/v2\/categories?post=509744"},{"taxonomy":"post_tag","embeddable":true,"href":"http:\/\/desarrollo.grupomedios.com\/futbol\/wp-json\/wp\/v2\/tags?post=509744"}],"curies":[{"name":"wp","href":"https:\/\/api.w.org\/{rel}","templated":true}]}}