{"id":509746,"date":"2017-11-17T16:07:29","date_gmt":"2017-11-17T22:07:29","guid":{"rendered":"https:\/\/www.futboltotal.com.mx\/?p=509746"},"modified":"2017-11-17T16:07:29","modified_gmt":"2017-11-17T22:07:29","slug":"queretaro-vs-pumas-apertura-17-liga-mx-previo","status":"publish","type":"post","link":"http:\/\/desarrollo.grupomedios.com\/futbol\/futbol-mexicano\/queretaro-vs-pumas-apertura-17-liga-mx-previo\/2017\/11","title":{"rendered":"Quer\u00e9taro vs Pumas, a cerrar con dignidad el torneo"},"content":{"rendered":"<p>Los <strong>Gallos de Quer\u00e9taro<\/strong> reciben a los<strong> Pumas<\/strong> en la fecha 17 del <strong>Apertura 2017<\/strong>, ambos equipos sin posibilidades de conseguir un boleto a la liguilla buscar\u00e1n cerrar con dignidad el torneo y pensar en el pr\u00f3ximo semestre, donde tendr\u00e1n que mejorar, pues ambos sufrieron la destituci\u00f3n de estrategas durante estos meses.<\/p>\n<p>Quer\u00e9taro viene de vencer a los <strong>Tuzos del Pachuca<\/strong> por la m\u00ednima diferencia, sin embargo de poco les ayud\u00f3 pues son el lugar 16 en la tabla general con 15 puntos ya sin ninguna posibilidad de conseguir la liguilla del torneo. De lo poco rescatable para los queretanos fue <strong>Camilo Sanvezzo<\/strong>, quien recuper\u00f3 su olfato goleador y ha conseguido 8 dianas en el campeonato.<\/p>\n<blockquote class=\"twitter-tweet\" data-lang=\"es\">\n<p dir=\"ltr\" lang=\"es\">1,2,3&#8230;&#x1f4a5; \u00a1PUM!<\/p>\n<p>Hoy entrenamos en el Corregidora. &#x1f3df;&#x1f414; <a href=\"https:\/\/twitter.com\/hashtag\/SiempreGallos?src=hash&amp;ref_src=twsrc%5Etfw\">#SiempreGallos<\/a> <a href=\"https:\/\/t.co\/a9oq2iSBwc\">pic.twitter.com\/a9oq2iSBwc<\/a><\/p>\n<p>\u2014 Gallos de Quer\u00e9taro (@Club_Queretaro) <a href=\"https:\/\/twitter.com\/Club_Queretaro\/status\/931613199849402368?ref_src=twsrc%5Etfw\">17 de noviembre de 2017<\/a><\/p><\/blockquote>\n<p><script async src=\"https:\/\/platform.twitter.com\/widgets.js\" charset=\"utf-8\"><\/script><\/p>\n<p style=\"text-align: center;\"><a href=\"https:\/\/www.futboltotal.com.mx\/futbol-internacional\/bundesliga\/dario-benedetto-en-el-radar-del-borussia-dortmund\/2017\/11\">VER M\u00c1S: Dar\u00edo Benedetto, en el radar del Borussia Dortmund<\/a><\/p>\n<p>Por su parte, Pumas viene de un empate a dos tantos ante <strong>Santos Laguna<\/strong> y est\u00e1 en el fondo de la tabla con apenas 12 puntos, ha tenido un semestre de pesadilla, dos t\u00e9cnicos destituidos,<strong> Juan Francisco Palencia<\/strong> y <strong>Sergio Egea<\/strong>, aunado a las lesiones de su estrella <strong>Nicol\u00e1s Castillo<\/strong>, quien no ha podido estar a lo largo del torneo, Los Felinos ya piensan en el <strong>Clausura 2018<\/strong>, en busca de evitar problemas en el descenso.<\/p>\n<blockquote class=\"twitter-tweet\" data-lang=\"es\">\n<p dir=\"ltr\" lang=\"es\">Nuestros Pumas se dirigen a Quer\u00e9taro para el encuentro de ma\u00f1ana contra <a href=\"https:\/\/twitter.com\/Club_Queretaro?ref_src=twsrc%5Etfw\">@Club_Queretaro<\/a> <a href=\"https:\/\/twitter.com\/hashtag\/SoyDePumas?src=hash&amp;ref_src=twsrc%5Etfw\">#SoyDePumas<\/a> <a href=\"https:\/\/t.co\/JkwtoznOLT\">pic.twitter.com\/JkwtoznOLT<\/a><\/p>\n<p>\u2014 PUMAS (@PumasMX) <a href=\"https:\/\/twitter.com\/PumasMX\/status\/931600801486856193?ref_src=twsrc%5Etfw\">17 de noviembre de 2017<\/a><\/p><\/blockquote>\n<p><script async src=\"https:\/\/platform.twitter.com\/widgets.js\" charset=\"utf-8\"><\/script><\/p>\n<p style=\"text-align: center;\"><a href=\"https:\/\/www.futboltotal.com.mx\/futbol-internacional\/liga-de-espana\/fc-barcelona-se-plantea-fichaje-mesut-ozil\/2017\/11\">VER M\u00c1S: FC Barcelona se plantea el fichaje de Mesut \u00d6zil<\/a><\/p>\n","protected":false},"excerpt":{"rendered":"<p>Los universitarios intentar\u00e1n cerrar el torneo con tres puntos <\/p>\n","protected":false},"author":159,"featured_media":509750,"comment_status":"closed","ping_status":"closed","sticky":false,"template":"","format":"standard","meta":[],"categories":[2198,3845],"tags":[8357,64,74,5970],"_links":{"self":[{"href":"http:\/\/desarrollo.grupomedios.com\/futbol\/wp-json\/wp\/v2\/posts\/509746"}],"collection":[{"href":"http:\/\/desarrollo.grupomedios.com\/futbol\/wp-json\/wp\/v2\/posts"}],"about":[{"href":"http:\/\/desarrollo.grupomedios.com\/futbol\/wp-json\/wp\/v2\/types\/post"}],"author":[{"embeddable":true,"href":"http:\/\/desarrollo.grupomedios.com\/futbol\/wp-json\/wp\/v2\/users\/159"}],"replies":[{"embeddable":true,"href":"http:\/\/desarrollo.grupomedios.com\/futbol\/wp-json\/wp\/v2\/comments?post=509746"}],"version-history":[{"count":1,"href":"http:\/\/desarrollo.grupomedios.com\/futbol\/wp-json\/wp\/v2\/posts\/509746\/revisions"}],"predecessor-version":[{"id":509751,"href":"http:\/\/desarrollo.grupomedios.com\/futbol\/wp-json\/wp\/v2\/posts\/509746\/revisions\/509751"}],"wp:featuredmedia":[{"embeddable":true,"href":"http:\/\/desarrollo.grupomedios.com\/futbol\/wp-json\/wp\/v2\/media\/509750"}],"wp:attachment":[{"href":"http:\/\/desarrollo.grupomedios.com\/futbol\/wp-json\/wp\/v2\/media?parent=509746"}],"wp:term":[{"taxonomy":"category","embeddable":true,"href":"http:\/\/desarrollo.grupomedios.com\/futbol\/wp-json\/wp\/v2\/categories?post=509746"},{"taxonomy":"post_tag","embeddable":true,"href":"http:\/\/desarrollo.grupomedios.com\/futbol\/wp-json\/wp\/v2\/tags?post=509746"}],"curies":[{"name":"wp","href":"https:\/\/api.w.org\/{rel}","templated":true}]}}