{"id":509759,"date":"2017-11-17T16:55:44","date_gmt":"2017-11-17T22:55:44","guid":{"rendered":"https:\/\/www.futboltotal.com.mx\/?p=509759"},"modified":"2017-11-17T16:58:33","modified_gmt":"2017-11-17T22:58:33","slug":"angel-reyna-se-suma-al-papu-dance-en-video","status":"publish","type":"post","link":"http:\/\/desarrollo.grupomedios.com\/futbol\/videos\/angel-reyna-se-suma-al-papu-dance-en-video\/2017\/11","title":{"rendered":"Angel Reyna se suma al &#8220;Papu Dance&#8221; en video"},"content":{"rendered":"<p><strong>POR: STAFF FT<\/strong><\/p>\n<p>El futbolista <strong>Angel Reyna<\/strong> se ha convertido en uno de los referentes del banquillo de los <em>Toros<\/em> de <strong>Celaya<\/strong>, equipo que actualmente est\u00e1 jugando la <b>liguilla del Ascenso MX.<\/b><\/p>\n<p>Reyna siempre se ha destacado por su car\u00e1cter en el mundo del futbol, pero en esta ocasi\u00f3n ha llegado a formar un buen grupo con los guanajuatenses y esto qued\u00f3 demostrado en un video.<\/p>\n<p>El &#8217;10&#8217; de los Toros apareci\u00f3 con el baile de moda, el &#8220;Papu Dance&#8221;, el movimiento que puso en el mundo el argentino <strong>Alejandro G\u00f3mez<\/strong>, quien es seleccionado de su pa\u00eds y ha brillado con su festejo.<\/p>\n<p>En un video publicado por \u00c1ngel Reyna, apareci\u00f3 junto a dos de sus compa\u00f1eros haciendo el memorable baile de moda en el futbol.<\/p>\n<blockquote class=\"twitter-video\" data-lang=\"es\">\n<p dir=\"ltr\" lang=\"es\">Perd\u00f3n por el de NEGRO q es arr\u00edtmico jajaja &#x1f602;&#x1f602; ridiculizando un poco <a href=\"https:\/\/t.co\/bsC8rF0hBJ\">pic.twitter.com\/bsC8rF0hBJ<\/a><\/p>\n<p>\u2014 Angel Reyna (@AngelReynaFut) <a href=\"https:\/\/twitter.com\/AngelReynaFut\/status\/931632893318774784?ref_src=twsrc%5Etfw\">17 de noviembre de 2017<\/a><\/p><\/blockquote>\n<p><script async src=\"https:\/\/platform.twitter.com\/widgets.js\" charset=\"utf-8\"><\/script><\/p>\n","protected":false},"excerpt":{"rendered":"<p>El mediocampista mexicano se ha sumado a festejar con el baile de moda<\/p>\n","protected":false},"author":160,"featured_media":509763,"comment_status":"closed","ping_status":"closed","sticky":false,"template":"","format":"standard","meta":[],"categories":[3843,2198,3845,4],"tags":[1659,432,2502],"_links":{"self":[{"href":"http:\/\/desarrollo.grupomedios.com\/futbol\/wp-json\/wp\/v2\/posts\/509759"}],"collection":[{"href":"http:\/\/desarrollo.grupomedios.com\/futbol\/wp-json\/wp\/v2\/posts"}],"about":[{"href":"http:\/\/desarrollo.grupomedios.com\/futbol\/wp-json\/wp\/v2\/types\/post"}],"author":[{"embeddable":true,"href":"http:\/\/desarrollo.grupomedios.com\/futbol\/wp-json\/wp\/v2\/users\/160"}],"replies":[{"embeddable":true,"href":"http:\/\/desarrollo.grupomedios.com\/futbol\/wp-json\/wp\/v2\/comments?post=509759"}],"version-history":[{"count":2,"href":"http:\/\/desarrollo.grupomedios.com\/futbol\/wp-json\/wp\/v2\/posts\/509759\/revisions"}],"predecessor-version":[{"id":509766,"href":"http:\/\/desarrollo.grupomedios.com\/futbol\/wp-json\/wp\/v2\/posts\/509759\/revisions\/509766"}],"wp:featuredmedia":[{"embeddable":true,"href":"http:\/\/desarrollo.grupomedios.com\/futbol\/wp-json\/wp\/v2\/media\/509763"}],"wp:attachment":[{"href":"http:\/\/desarrollo.grupomedios.com\/futbol\/wp-json\/wp\/v2\/media?parent=509759"}],"wp:term":[{"taxonomy":"category","embeddable":true,"href":"http:\/\/desarrollo.grupomedios.com\/futbol\/wp-json\/wp\/v2\/categories?post=509759"},{"taxonomy":"post_tag","embeddable":true,"href":"http:\/\/desarrollo.grupomedios.com\/futbol\/wp-json\/wp\/v2\/tags?post=509759"}],"curies":[{"name":"wp","href":"https:\/\/api.w.org\/{rel}","templated":true}]}}